{"id":91131,"date":"2026-03-12T09:16:00","date_gmt":"2026-03-12T15:16:00","guid":{"rendered":"https:\/\/zonaroja.com.mx\/?p=91131"},"modified":"2026-03-12T07:25:16","modified_gmt":"2026-03-12T13:25:16","slug":"pese-a-desaparicion-de-poderes-siguen-detenidos-11-de-amatengo","status":"publish","type":"post","link":"https:\/\/zonaroja.com.mx\/?p=91131","title":{"rendered":"Pese a desaparici\u00f3n de poderes, siguen detenidos 11 de Amatengo"},"content":{"rendered":"\n<p>Lisbeth Mej\u00eda Reyes\/Zona Roja.<\/p>\n\n\n\n<p>Oaxaca, Oax., a 12 de marzo de 2026.- A dos semanas de los hechos, 11 habitantes de San Agust\u00edn Amatengo siguen detenidos y vinculados a proceso por el secuestro de la entonces presidenta municipal Italivy Sarah\u00ed Ju\u00e1rez Ram\u00edrez.\u00a0<\/p>\n\n\n\n<p>Sin embargo, se espera que este jueves haya una audiencia en la que probablemente se determine el cambio de medidas cautelares de las y los habitantes a fin de que puedan salir en libertad, de acuerdo con informaci\u00f3n extraoficial.<\/p>\n\n\n\n<p>Por ahora, se desconoce si se mantienen detenidas las 11 personas que segu\u00edan en esta situaci\u00f3n hasta el pasado 27 de febrero en espera de la definici\u00f3n de su situaci\u00f3n jur\u00eddica. En ese entonces, la abogada que llevaba el caso, Deysi Ram\u00edrez, inform\u00f3 de la liberaci\u00f3n de 13 personas, quienes iban a seguir su vinculaci\u00f3n a proceso en libertad.<\/p>\n\n\n\n<p>Posteriormente, a principios de marzo, la abogada originaria del mismo municipio inform\u00f3 que ya no estaba a cargo de la defensa.<\/p>\n\n\n\n<p>Este martes, la LXVI Legislatura local aprob\u00f3 la desaparici\u00f3n de poderes en este municipio de la regi\u00f3n Valles Centrales, luego del conflicto al interior del ayuntamiento y de las renuncias irrevocables de la totalidad del cabildo y sus suplentes.<\/p>\n\n\n\n<p>De acuerdo con el Congreso, el conflicto en Amatengo llev\u00f3 a una situaci\u00f3n de ingobernabilidad que imposibilita el funcionamiento del ayuntamiento. Por eso, con base en la Ley Org\u00e1nica Municipal del Estado de M\u00e9xico se aprob\u00f3 la desaparici\u00f3n del ayuntamiento 2025-2027. Adem\u00e1s de que el ejecutivo estatal tendr\u00e1 que nombrar a un encargado de la comunidad.<\/p>\n\n\n\n<p>Previo a la desaparici\u00f3n de poderes en Amatengo, el 24 de febrero el congreso hab\u00eda analizado la revocaci\u00f3n de mandato de la entonces presidenta, pero el dictamen de la Comisi\u00f3n de Gobierno y Asuntos Agrarios no tuvo los votos suficientes para su aprobaci\u00f3n, por lo que el asunto qued\u00f3 pendiente.<\/p>\n\n\n\n<p>Sin embargo, un grupo de concejales y habitantes consider\u00f3 que la no aprobaci\u00f3n de la revocaci\u00f3n del mandato de Italivy Sarah\u00ed implicaba la confirmaci\u00f3n de su cargo, por lo que se fue en contra de la legisladora Concepci\u00f3n Rueda (quien mostr\u00f3 su respaldo a la entonces presidenta) y de la edil.<\/p>\n\n\n\n<p>El grupo someti\u00f3 a Italivy Sarah\u00ed al interior del congreso, en San Raymundo Jalpan, y la oblig\u00f3 a subir a una camioneta habilitada como ambulancia, presuntamente para trasladarla a Amatengo para rendir cuentas.<\/p>\n\n\n\n<p>Tras ello, el Gabinete de Seguridad del Gobierno de Oaxaca despleg\u00f3 un operativo con elementos de los tres \u00f3rdenes de gobierno, quienes rescataron a la presidenta en jurisdicci\u00f3n de la Villa de Zaachila. Adem\u00e1s de detener a 24 personas presuntamente implicadas en los hechos y quienes siguen bajo investigaci\u00f3n.<\/p>\n\n\n\n<p>Antes de este hecho, la edil ya hab\u00eda sido retenida en el palacio municipal en noviembre pasado, como public\u00f3 a trav\u00e9s de sus redes sociales.<\/p>\n","protected":false},"excerpt":{"rendered":"<p>Lisbeth Mej\u00eda Reyes\/Zona Roja. Oaxaca, Oax., a 12 de marzo de 2026.- A dos semanas&hellip;<\/p>\n","protected":false},"author":2,"featured_media":90512,"comment_status":"closed","ping_status":"open","sticky":false,"template":"","format":"standard","meta":{"_lmt_disableupdate":"","_lmt_disable":"","_jetpack_memberships_contains_paid_content":false,"footnotes":""},"categories":[109,47],"tags":[4683],"class_list":["post-91131","post","type-post","status-publish","format-standard","has-post-thumbnail","hentry","category-minuto-a-minuto","category-zona-gris","tag-san-agustin-amatengo"],"jetpack_featured_media_url":"https:\/\/zonaroja.com.mx\/wp-content\/uploads\/2026\/02\/San-Agustin-Amatengo.jpg","jetpack_sharing_enabled":true,"_links":{"self":[{"href":"https:\/\/zonaroja.com.mx\/index.php?rest_route=\/wp\/v2\/posts\/91131","targetHints":{"allow":["GET"]}}],"collection":[{"href":"https:\/\/zonaroja.com.mx\/index.php?rest_route=\/wp\/v2\/posts"}],"about":[{"href":"https:\/\/zonaroja.com.mx\/index.php?rest_route=\/wp\/v2\/types\/post"}],"author":[{"embeddable":true,"href":"https:\/\/zonaroja.com.mx\/index.php?rest_route=\/wp\/v2\/users\/2"}],"replies":[{"embeddable":true,"href":"https:\/\/zonaroja.com.mx\/index.php?rest_route=%2Fwp%2Fv2%2Fcomments&post=91131"}],"version-history":[{"count":1,"href":"https:\/\/zonaroja.com.mx\/index.php?rest_route=\/wp\/v2\/posts\/91131\/revisions"}],"predecessor-version":[{"id":91132,"href":"https:\/\/zonaroja.com.mx\/index.php?rest_route=\/wp\/v2\/posts\/91131\/revisions\/91132"}],"wp:featuredmedia":[{"embeddable":true,"href":"https:\/\/zonaroja.com.mx\/index.php?rest_route=\/wp\/v2\/media\/90512"}],"wp:attachment":[{"href":"https:\/\/zonaroja.com.mx\/index.php?rest_route=%2Fwp%2Fv2%2Fmedia&parent=91131"}],"wp:term":[{"taxonomy":"category","embeddable":true,"href":"https:\/\/zonaroja.com.mx\/index.php?rest_route=%2Fwp%2Fv2%2Fcategories&post=91131"},{"taxonomy":"post_tag","embeddable":true,"href":"https:\/\/zonaroja.com.mx\/index.php?rest_route=%2Fwp%2Fv2%2Ftags&post=91131"}],"curies":[{"name":"wp","href":"https:\/\/api.w.org\/{rel}","templated":true}]}}