{"id":91133,"date":"2026-03-12T10:15:00","date_gmt":"2026-03-12T16:15:00","guid":{"rendered":"https:\/\/zonaroja.com.mx\/?p=91133"},"modified":"2026-03-12T07:54:30","modified_gmt":"2026-03-12T13:54:30","slug":"mato-a-una-adulta-mayor-con-machete-frente-a-un-nino-ya-fue-detenido","status":"publish","type":"post","link":"https:\/\/zonaroja.com.mx\/?p=91133","title":{"rendered":"Mat\u00f3 a una mujer con un machete frente a un ni\u00f1o; ya fue detenido"},"content":{"rendered":"\n<p>Redacci\u00f3n\/Zona Roja.<\/p>\n\n\n\n<p>Oaxaca, Oax., a 12 de marzo de 2026.- A dos semanas del crimen, la Fiscal\u00eda General del Estado de Oaxaca (FGEO) ejecut\u00f3 una orden de aprehensi\u00f3n en contra de un hombre identificado como M.A.A.G. por el delito de feminicidio agravado, hechos ocurridos en la regi\u00f3n de la Costa.<\/p>\n\n\n\n<p>Los hechos ocurrieron el 26 de febrero de 2026 en la comunidad de Santa Mar\u00eda Tepexipana, municipio de Candelaria Loxicha, cuando la v\u00edctima identificada como M.J.L.P., quien caminaba con un ni\u00f1o bajo su cuidado (quien result\u00f3 ileso) fue agredida por un hombre.<\/p>\n\n\n\n<p>El sujeto previamente ejerci\u00f3 violencia de diferentes tipos y al atacarla, utiliz\u00f3 un machete con el que infligi\u00f3 heridas en la frente y el cuello, -lo que provoc\u00f3 casi la separaci\u00f3n total de la cabeza- lesiones por las que perdi\u00f3 la vida.<\/p>\n\n\n\n<p>Tras los trabajos ministeriales realizados por la Vicefiscal\u00eda Regional de la Costa, se logr\u00f3 obtener una orden de aprehensi\u00f3n en contra de M.A.A.G. y derivado de los trabajos de inteligencia criminal se logr\u00f3 la localizaci\u00f3n del imputado y mediante un operativo de b\u00fasqueda efectuado por elementos de la Agencia Estatal de Investigaciones (AEI) se ejecut\u00f3 la orden.<\/p>\n\n\n\n<p>Despu\u00e9s de ser detenido M.A.A.G. fue puesto a disposici\u00f3n de la autoridad ministerial correspondiente para que se determin\u00e9 su situaci\u00f3n jur\u00eddica.<\/p>\n\n\n\n<p>DETENIDO EN VERACRUZ<\/p>\n\n\n\n<p>En otro caso y derivado de la colaboraci\u00f3n interinstitucional con la Fiscal\u00eda General del Estado de Veracruz, la Fiscal\u00eda de Oaxaca ejecut\u00f3 una orden de aprehensi\u00f3n en contra de un hombre identificado como J.C.P. o J.L.C.R., por el delito de violaci\u00f3n agravada, contra una adolescente de 15 a\u00f1os de edad, cometido en la regi\u00f3n de la Cuenca del Papaloapan.<\/p>\n\n\n\n<p>De acuerdo con la causa penal, los hechos ocurrieron el 28 de septiembre de 2013, cuando un par de personas se encontraba ingiriendo bebidas alcoh\u00f3licas; posteriormente, la v\u00edctima y otras personas se integraron a la convivencia y se trasladaron a un bar ubicado en el municipio de San Juan Bautista Tuxtepec.<\/p>\n\n\n\n<p>Al concluir la convivencia, la v\u00edctima fue llevada a bordo de una motocicleta a un terreno bald\u00edo, donde fue agredida sexualmente.<\/p>\n\n\n\n<p>Tras la agresi\u00f3n y luego de pedir auxilio, fue apoyada por terceras personas y trasladada a un hospital para recibir atenci\u00f3n m\u00e9dica.<\/p>\n\n\n\n<p>Una vez presentada la denuncia, la FGEO inici\u00f3 las investigaciones correspondientes a trav\u00e9s de la Unidad Operativa para la Atenci\u00f3n en Delitos Contra la Mujer por Raz\u00f3n de G\u00e9nero, adscrita a la Vicefiscal\u00eda Regional de la Cuenca, mismas que permitieron reunir los datos de prueba necesarios para solicitar y obtener la orden de aprehensi\u00f3n ante la autoridad judicial.&nbsp;<\/p>\n\n\n\n<p>La instituci\u00f3n subray\u00f3 que, aunque los hechos ocurrieron en 2013, las indagatorias se mantuvieron activas hasta lograr ubicar al probable responsable, con el prop\u00f3sito de procurar justicia a favor de la v\u00edctima.<\/p>\n\n\n\n<p>El mandato judicial fue cumplimentado mediante un operativo coordinado con personal de la Fiscal\u00eda de Veracruz, en inmediaciones del municipio de Cosamaloapan, Veracruz.<\/p>\n\n\n\n<p>Tras la detenci\u00f3n de J.C.P. o J.L.C.R., se iniciaron los tr\u00e1mites legales pertinentes para su traslado a Oaxaca y con ello, ponerlo a disposici\u00f3n de la autoridad ministerial correspondiente para determinar su situaci\u00f3n jur\u00eddica.<\/p>\n\n\n\n<p>La Fiscal\u00eda de Oaxaca destac\u00f3 que la colaboraci\u00f3n con Fiscal\u00edas de otras entidades federativas fortalece las acciones para garantizar a las v\u00edctimas acceso efectivo a la justicia y a la reparaci\u00f3n del da\u00f1o.<\/p>\n","protected":false},"excerpt":{"rendered":"<p>Redacci\u00f3n\/Zona Roja. Oaxaca, Oax., a 12 de marzo de 2026.- A dos semanas del crimen,&hellip;<\/p>\n","protected":false},"author":2,"featured_media":91134,"comment_status":"closed","ping_status":"open","sticky":false,"template":"","format":"standard","meta":{"_lmt_disableupdate":"","_lmt_disable":"","_jetpack_memberships_contains_paid_content":false,"footnotes":""},"categories":[109,46],"tags":[494],"class_list":["post-91133","post","type-post","status-publish","format-standard","has-post-thumbnail","hentry","category-minuto-a-minuto","category-zona-blanca","tag-fiscalia-general-del-estado-de-oaxaca"],"jetpack_featured_media_url":"https:\/\/zonaroja.com.mx\/wp-content\/uploads\/2026\/03\/asesinato-machete.jpg.webp","jetpack_sharing_enabled":true,"_links":{"self":[{"href":"https:\/\/zonaroja.com.mx\/index.php?rest_route=\/wp\/v2\/posts\/91133","targetHints":{"allow":["GET"]}}],"collection":[{"href":"https:\/\/zonaroja.com.mx\/index.php?rest_route=\/wp\/v2\/posts"}],"about":[{"href":"https:\/\/zonaroja.com.mx\/index.php?rest_route=\/wp\/v2\/types\/post"}],"author":[{"embeddable":true,"href":"https:\/\/zonaroja.com.mx\/index.php?rest_route=\/wp\/v2\/users\/2"}],"replies":[{"embeddable":true,"href":"https:\/\/zonaroja.com.mx\/index.php?rest_route=%2Fwp%2Fv2%2Fcomments&post=91133"}],"version-history":[{"count":2,"href":"https:\/\/zonaroja.com.mx\/index.php?rest_route=\/wp\/v2\/posts\/91133\/revisions"}],"predecessor-version":[{"id":91137,"href":"https:\/\/zonaroja.com.mx\/index.php?rest_route=\/wp\/v2\/posts\/91133\/revisions\/91137"}],"wp:featuredmedia":[{"embeddable":true,"href":"https:\/\/zonaroja.com.mx\/index.php?rest_route=\/wp\/v2\/media\/91134"}],"wp:attachment":[{"href":"https:\/\/zonaroja.com.mx\/index.php?rest_route=%2Fwp%2Fv2%2Fmedia&parent=91133"}],"wp:term":[{"taxonomy":"category","embeddable":true,"href":"https:\/\/zonaroja.com.mx\/index.php?rest_route=%2Fwp%2Fv2%2Fcategories&post=91133"},{"taxonomy":"post_tag","embeddable":true,"href":"https:\/\/zonaroja.com.mx\/index.php?rest_route=%2Fwp%2Fv2%2Ftags&post=91133"}],"curies":[{"name":"wp","href":"https:\/\/api.w.org\/{rel}","templated":true}]}}