{"id":91138,"date":"2026-03-12T11:15:00","date_gmt":"2026-03-12T17:15:00","guid":{"rendered":"https:\/\/zonaroja.com.mx\/?p=91138"},"modified":"2026-03-12T07:59:53","modified_gmt":"2026-03-12T13:59:53","slug":"pese-a-la-adversidad-magda-liliana-avanza-en-denuncia-por-acoso-en-monte-de-piedad","status":"publish","type":"post","link":"https:\/\/zonaroja.com.mx\/?p=91138","title":{"rendered":"Pese a la adversidad, Magda Liliana avanza en denuncia por acoso en Monte de Piedad"},"content":{"rendered":"\n<p>Lisbeth Mej\u00eda Reyes\/Zona Roja.<\/p>\n\n\n\n<p>Oaxaca, Oax., a 12 de marzo de 2026.- \u201dPese a la adversidad, voy ganando. Hay algo que es m\u00e1s importante y es el honor; y yo no miento\u00bb. Con esas palabras, la oaxaque\u00f1a Magda Liliana A. C. se\u00f1ala que avanza en su lucha a casi tres a\u00f1os de denunciar el acoso laboral y el despido injustificado que vivi\u00f3 en el Monte de Piedad de Oaxaca.<\/p>\n\n\n\n<p>La ex gerente subraya que no ha desistido en su denuncia en contra de los funcionarios que violaron sus derechos y que incluso ha ganado un amparo.&nbsp;<\/p>\n\n\n\n<p>Aunque por ahora evit\u00f3 dar m\u00e1s detalles de su caso, Magda Liliana comparte con la agencia de noticias ZONA ROJA que el caso sigue su curso en la Corte Interamericana de Derechos Humanos, donde fue admitido en el a\u00f1o 2024.<\/p>\n\n\n\n<p>\u00abEstamos viviendo una \u00e9poca dif\u00edcil en cuanto a la justicia, pero la verdad tarde o temprano siempre triunfa\u00bb, expresa Magda, quien conf\u00eda en compartir los avances de su caso pr\u00f3ximamente.<\/p>\n\n\n\n<p>Fue en mayo de 2023 cuando la entonces gerente de la sucursal 8 del Monte de Piedad en la ciudad de Oaxaca denunci\u00f3 penalmente al entonces director del Monte de Piedad, Omar J. J., y al jefe administrativo de ese organismo gubernamental, Jos\u00e9 Manuel N.<\/p>\n\n\n\n<p>La denuncia qued\u00f3 asentada en la causa penal 1243\/2023, en la que adem\u00e1s del delito de hostigamiento sexual se contemplan los de intimidaci\u00f3n con agravante de amenazas, cohecho y coalici\u00f3n de los servidores p\u00fablicos.<\/p>\n\n\n\n<p>A pesar de la denuncia, el gobierno estatal mantuvo en el cargo a Omar al menos hasta abril de 2025.<\/p>\n\n\n\n<p>El de Magda es uno de los al menos tres casos de tres casos de acoso laboral en los que se denunci\u00f3 al ex director del Monte de Piedad.<\/p>\n\n\n\n<p>En octubre de 2024, un grupo de empleados sindicalizados se manifest\u00f3 en la oficina matriz de la ciudad de Oaxaca para exigir la soluci\u00f3n a dos casos de acoso laboral: uno en las sucursal de Ciudad Ixtepec y otro en la del M\u00f3dulo Azul del Infonavit, en la capital oaxaque\u00f1a.<\/p>\n","protected":false},"excerpt":{"rendered":"<p>Lisbeth Mej\u00eda Reyes\/Zona Roja. Oaxaca, Oax., a 12 de marzo de 2026.- \u201dPese a la&hellip;<\/p>\n","protected":false},"author":2,"featured_media":91139,"comment_status":"closed","ping_status":"open","sticky":false,"template":"","format":"standard","meta":{"_lmt_disableupdate":"","_lmt_disable":"","_jetpack_memberships_contains_paid_content":false,"footnotes":""},"categories":[109,46],"tags":[3593],"class_list":["post-91138","post","type-post","status-publish","format-standard","has-post-thumbnail","hentry","category-minuto-a-minuto","category-zona-blanca","tag-magda-liliana-altamirano-calderon"],"jetpack_featured_media_url":"https:\/\/zonaroja.com.mx\/wp-content\/uploads\/2026\/03\/Magda-Liliana-Calderon.jpg","jetpack_sharing_enabled":true,"_links":{"self":[{"href":"https:\/\/zonaroja.com.mx\/index.php?rest_route=\/wp\/v2\/posts\/91138","targetHints":{"allow":["GET"]}}],"collection":[{"href":"https:\/\/zonaroja.com.mx\/index.php?rest_route=\/wp\/v2\/posts"}],"about":[{"href":"https:\/\/zonaroja.com.mx\/index.php?rest_route=\/wp\/v2\/types\/post"}],"author":[{"embeddable":true,"href":"https:\/\/zonaroja.com.mx\/index.php?rest_route=\/wp\/v2\/users\/2"}],"replies":[{"embeddable":true,"href":"https:\/\/zonaroja.com.mx\/index.php?rest_route=%2Fwp%2Fv2%2Fcomments&post=91138"}],"version-history":[{"count":1,"href":"https:\/\/zonaroja.com.mx\/index.php?rest_route=\/wp\/v2\/posts\/91138\/revisions"}],"predecessor-version":[{"id":91140,"href":"https:\/\/zonaroja.com.mx\/index.php?rest_route=\/wp\/v2\/posts\/91138\/revisions\/91140"}],"wp:featuredmedia":[{"embeddable":true,"href":"https:\/\/zonaroja.com.mx\/index.php?rest_route=\/wp\/v2\/media\/91139"}],"wp:attachment":[{"href":"https:\/\/zonaroja.com.mx\/index.php?rest_route=%2Fwp%2Fv2%2Fmedia&parent=91138"}],"wp:term":[{"taxonomy":"category","embeddable":true,"href":"https:\/\/zonaroja.com.mx\/index.php?rest_route=%2Fwp%2Fv2%2Fcategories&post=91138"},{"taxonomy":"post_tag","embeddable":true,"href":"https:\/\/zonaroja.com.mx\/index.php?rest_route=%2Fwp%2Fv2%2Ftags&post=91138"}],"curies":[{"name":"wp","href":"https:\/\/api.w.org\/{rel}","templated":true}]}}