{"id":91157,"date":"2026-03-12T18:21:36","date_gmt":"2026-03-13T00:21:36","guid":{"rendered":"https:\/\/zonaroja.com.mx\/?p=91157"},"modified":"2026-03-12T18:21:37","modified_gmt":"2026-03-13T00:21:37","slug":"cisma-en-morena-con-mantas-acusa-traicion-de-sus-aliados-politicos","status":"publish","type":"post","link":"https:\/\/zonaroja.com.mx\/?p=91157","title":{"rendered":"Cisma en Morena: con mantas, acusa traici\u00f3n de sus aliados pol\u00edticos"},"content":{"rendered":"\n<p>Lisbeth Mej\u00eda Reyes\/Zona Roja.<\/p>\n\n\n\n<p>Oaxaca, Oax., a 12 de marzo de 2026.- Con varias lonas colgadas en diversos puentes peatonales de la ciudad de Oaxaca y zona conurbada, el partido Morena acus\u00f3 de traidores de la patria a cinco diputados federales de la entidad que este mi\u00e9rcoles votaron en contra de la reforma electoral de la presidenta Claudia Sheinbaum Pardo o que se abstuvieron (en el caso de uno).&nbsp;<\/p>\n\n\n\n<p>Las lonas colgadas en sitios como el cerro del Fort\u00edn y el puente del crucero de San Agust\u00edn Yatareni aparecieron hoy jueves y tienen las im\u00e1genes de las y los legisladores Maribel Mart\u00ednez Ruiz (PT), Margarita Garc\u00eda (PT), Araceli Cruz (PT), Jos\u00e9 Alejandro L\u00f3pez S\u00e1nchez (PT), Alejandro Avil\u00e9s y Ra\u00fal Bola\u00f1os Cacho Cu\u00e9 (estos \u00faltimos ex pri\u00edstas y ahora del partido Verde Ecologista).<\/p>\n\n\n\n<p>El mi\u00e9rcoles, la c\u00e1mara de Diputados federal vot\u00f3 la reforma electoral propuesta por la presidenta para modificar la elecci\u00f3n de diputaciones y de senadur\u00edas federales, los tiempos electorales en radio y televisi\u00f3n y la disminuci\u00f3n de recursos para partidos pol\u00edticos. Sin embargo, solamente se obtuvieron 259 de los 334 votos (dos terceras partes) que se necesitaban para su aprobaci\u00f3n.<\/p>\n\n\n\n<p>La presidenta analiza ahora un plan B. Sin embargo, el gobernador de Oaxaca, Salom\u00f3n Jara Cruz, lament\u00f3 este jueves que los partidos aliados (PT y Verde Ecologista) no hayan respaldado a la presidenta. Aunque neg\u00f3 una ruptura con esos institutos pol\u00edticos.<\/p>\n\n\n\n<p>\u00abNo representa una ruptura, pero s\u00ed es una mala se\u00f1al, la poblaci\u00f3n mexicana seguramente va a tomar cartas en este asunto\u00bb, expres\u00f3 en entrevista colectiva en la ciudad de Oaxaca.<\/p>\n\n\n\n<p>Por su parte, el Comit\u00e9 Ejecutivo Estatal del partido Morena tambi\u00e9n lament\u00f3 la falta de respaldo a la iniciativa de Sheinbaum.<\/p>\n\n\n\n<p>\u00abNo vamos a tolerar la traici\u00f3n al pueblo, no vamos a tolerar la traici\u00f3n al movimiento de la Cuarta Transformaci\u00f3n y la traici\u00f3n a la presidenta Claudia Sheinbaum Pardo\u00bb, dijo el presidente del comit\u00e9 ejecutivo en Oaxaca, Alejandro Velasco Armas.<\/p>\n\n\n\n<p>A nombre del partido les recrimin\u00f3 el haber votado en contra de la reforma o abstenerse (en el caso de Ra\u00fal Bola\u00f1os Cacho Cu\u00e9), pues dijo que gracias a Morena es que ahora Avil\u00e9s y Cacho Cu\u00e9 representan al Verde<\/p>\n\n\n\n<p>LOS QUE SE ABSTUVIERON<\/p>\n\n\n\n<p>Margarita Garc\u00eda, del Partido del Trabajo (PT), quien fue secretaria de previsi\u00f3n social del Sindicato de Trabajadores de los Poderes del Estado e Instituciones Descentralizadas de Car\u00e1cter Estatal de Oaxaca (2000-2002), presidenta del Comit\u00e9 Directivo Municipal de Convergencia en Oaxaca, Oaxaca (2006-2012), diputada local en la LXII Legislatura del Congreso de Oaxaca (2011-2013), diputada federal en la LXIV Legislatura (2018-2021) y diputada federal en la LXV Legislatura (2021-2024).<\/p>\n\n\n\n<p>Aracely Cruz, diputada plurinominal del PT y cuyo cargo es el primero de su trayectoria pol\u00edtica. La oaxaque\u00f1a ha denunciado al coordinador de delegados de Paz del gobierno de Oaxaca por ser un violentador de mujeres.<\/p>\n\n\n\n<p>Maribel Mart\u00ednez es diputada plurinominal del PT y esposa del tambi\u00e9n petista Benjam\u00edn Robles, originario de Michoac\u00e1n. Con la actual, son ya tres veces que ha tenido un cargo como legisladora de manera consecutiva desde el 2018.<\/p>\n\n\n\n<p>Alejandro L\u00f3pez S\u00e1nchez es por primera vez diputado federal por el PT (tambi\u00e9n plurinominal) y antes milit\u00f3 en el Partido de la Revoluci\u00f3n Democr\u00e1tica (PRD). Tambi\u00e9n fue candidato a diputado federal por el distrito 06, Tlaxiaco, Oaxaca, representando a la coalici\u00f3n \u00abPor M\u00e9xico al Frente\u00bb (PRD, PAN, MC). Fue suplente de Alejandro Aparicio Santiago en el Congreso local de Oaxaca (2016-2018).<\/p>\n\n\n\n<p>Alejandro Avil\u00e9s, ahora del Verde Ecologista, ha sido diputado local en tres ocasiones en Oaxaca (2004-2007, 2013-2016 y 2021-2024), adem\u00e1s de presidente del comit\u00e9 directivo del PRI en Oaxaca.<\/p>\n\n\n\n<p>Por su parte, Ra\u00fal Bola\u00f1os Cacho Cu\u00e9 tambi\u00e9n viene de las filas del PRI, pero se pas\u00f3 al Verde Ecologista, partido por el que ha sido senador en la LXIV y LXV legislaturas (2018-2024). El hijo del ex presidente del Tribunal Superior de Justicia de Oaxaca, Ra\u00fal Bola\u00f1os Cacho Guzm\u00e1n, tambi\u00e9n se desempe\u00f1\u00f3 como secretario de Desarrollo Social y Humano del gobierno de Oaxaca (2016-2018).<\/p>\n","protected":false},"excerpt":{"rendered":"<p>Lisbeth Mej\u00eda Reyes\/Zona Roja. Oaxaca, Oax., a 12 de marzo de 2026.- Con varias lonas&hellip;<\/p>\n","protected":false},"author":2,"featured_media":91158,"comment_status":"closed","ping_status":"open","sticky":false,"template":"","format":"standard","meta":{"_lmt_disableupdate":"","_lmt_disable":"","_jetpack_memberships_contains_paid_content":false,"footnotes":""},"categories":[109,47],"tags":[871],"class_list":["post-91157","post","type-post","status-publish","format-standard","has-post-thumbnail","hentry","category-minuto-a-minuto","category-zona-gris","tag-partido-morena-oaxaca"],"jetpack_featured_media_url":"https:\/\/zonaroja.com.mx\/wp-content\/uploads\/2026\/03\/Lonas-morena-contra-aliados-PT-y-PVEM.jpg","jetpack_sharing_enabled":true,"_links":{"self":[{"href":"https:\/\/zonaroja.com.mx\/index.php?rest_route=\/wp\/v2\/posts\/91157","targetHints":{"allow":["GET"]}}],"collection":[{"href":"https:\/\/zonaroja.com.mx\/index.php?rest_route=\/wp\/v2\/posts"}],"about":[{"href":"https:\/\/zonaroja.com.mx\/index.php?rest_route=\/wp\/v2\/types\/post"}],"author":[{"embeddable":true,"href":"https:\/\/zonaroja.com.mx\/index.php?rest_route=\/wp\/v2\/users\/2"}],"replies":[{"embeddable":true,"href":"https:\/\/zonaroja.com.mx\/index.php?rest_route=%2Fwp%2Fv2%2Fcomments&post=91157"}],"version-history":[{"count":1,"href":"https:\/\/zonaroja.com.mx\/index.php?rest_route=\/wp\/v2\/posts\/91157\/revisions"}],"predecessor-version":[{"id":91159,"href":"https:\/\/zonaroja.com.mx\/index.php?rest_route=\/wp\/v2\/posts\/91157\/revisions\/91159"}],"wp:featuredmedia":[{"embeddable":true,"href":"https:\/\/zonaroja.com.mx\/index.php?rest_route=\/wp\/v2\/media\/91158"}],"wp:attachment":[{"href":"https:\/\/zonaroja.com.mx\/index.php?rest_route=%2Fwp%2Fv2%2Fmedia&parent=91157"}],"wp:term":[{"taxonomy":"category","embeddable":true,"href":"https:\/\/zonaroja.com.mx\/index.php?rest_route=%2Fwp%2Fv2%2Fcategories&post=91157"},{"taxonomy":"post_tag","embeddable":true,"href":"https:\/\/zonaroja.com.mx\/index.php?rest_route=%2Fwp%2Fv2%2Ftags&post=91157"}],"curies":[{"name":"wp","href":"https:\/\/api.w.org\/{rel}","templated":true}]}}