{"id":91160,"date":"2026-03-12T19:00:44","date_gmt":"2026-03-13T01:00:44","guid":{"rendered":"https:\/\/zonaroja.com.mx\/?p=91160"},"modified":"2026-03-12T19:00:46","modified_gmt":"2026-03-13T01:00:46","slug":"impulsan-en-xoxocotlan-la-marca-hecho-en-oaxaca-para-proyectos-locales","status":"publish","type":"post","link":"https:\/\/zonaroja.com.mx\/?p=91160","title":{"rendered":"Impulsan en Xoxocotl\u00e1n la marca Hecho en Oaxaca para proyectos locales"},"content":{"rendered":"\n<p>Redacci\u00f3n\/Zona Roja.<\/p>\n\n\n\n<p>Oaxaca, Oax.m a 12 de marzo de 2026.- Con la premisa de impulsar el talento y emprendedurismo en Santa Cruz Xoxocotl\u00e1n, el ayuntamiento reuni\u00f3 a alrededor de 40 personas productoras y emprendedoras del municipio para brindar informaci\u00f3n y orientaci\u00f3n sobre la marca de certificaci\u00f3n oficial \u201cHecho en Oaxaca\u201d.&nbsp;<\/p>\n\n\n\n<p>A trav\u00e9s de la Regidur\u00eda de Desarrollo Econ\u00f3mico y la Secretar\u00eda de Desarrollo Econ\u00f3mico, las personas interesadas conocieron los beneficios de este sello, que certifica la calidad, autenticidad y origen 100 por ciento oaxaque\u00f1o de los productos, fortaleciendo su identidad y abriendo puertas a nuevos mercados locales, nacionales e internacionales.<\/p>\n\n\n\n<p>\u201cEstamos trabajando de manera coordinada, como lo ha indicado la presidenta Nancy Ben\u00edtez, con la intenci\u00f3n de acercar todas las oportunidades y v\u00ednculos con las \u00e1reas correspondientes para el crecimiento de sus proyectos\u201d, destac\u00f3 el regidor de Desarrollo Econ\u00f3mico, Johnny Ram\u00edrez Cruz.&nbsp;<\/p>\n\n\n\n<p>\u00abHecho en Oaxaca\u00bb, tiene la finalidad de dar mayor confianza a las y los consumidores, impulsar la competitividad de los productos elaborados en el municipio, posicionar a Xoxocotl\u00e1n como un referente de calidad y originalidad oaxaque\u00f1a.<\/p>\n\n\n\n<p>La certificaci\u00f3n es dirigida para quienes tengan proyectos agroindustriales, agroalimentarios, bebidas no alcoh\u00f3licas, artesan\u00edas y manufactura e industria.<\/p>\n","protected":false},"excerpt":{"rendered":"<p>Redacci\u00f3n\/Zona Roja. Oaxaca, Oax.m a 12 de marzo de 2026.- Con la premisa de impulsar&hellip;<\/p>\n","protected":false},"author":2,"featured_media":91161,"comment_status":"closed","ping_status":"open","sticky":false,"template":"","format":"standard","meta":{"_lmt_disableupdate":"","_lmt_disable":"","_jetpack_memberships_contains_paid_content":false,"footnotes":""},"categories":[109,46],"tags":[133],"class_list":["post-91160","post","type-post","status-publish","format-standard","has-post-thumbnail","hentry","category-minuto-a-minuto","category-zona-blanca","tag-santa-cruz-xoxocotlan"],"jetpack_featured_media_url":"https:\/\/zonaroja.com.mx\/wp-content\/uploads\/2026\/03\/Impulsan-en-Xoxocotlan-la-marca-Hecho-en-Oaxaca-para-proyectos-locales-1.jpeg","jetpack_sharing_enabled":true,"_links":{"self":[{"href":"https:\/\/zonaroja.com.mx\/index.php?rest_route=\/wp\/v2\/posts\/91160","targetHints":{"allow":["GET"]}}],"collection":[{"href":"https:\/\/zonaroja.com.mx\/index.php?rest_route=\/wp\/v2\/posts"}],"about":[{"href":"https:\/\/zonaroja.com.mx\/index.php?rest_route=\/wp\/v2\/types\/post"}],"author":[{"embeddable":true,"href":"https:\/\/zonaroja.com.mx\/index.php?rest_route=\/wp\/v2\/users\/2"}],"replies":[{"embeddable":true,"href":"https:\/\/zonaroja.com.mx\/index.php?rest_route=%2Fwp%2Fv2%2Fcomments&post=91160"}],"version-history":[{"count":1,"href":"https:\/\/zonaroja.com.mx\/index.php?rest_route=\/wp\/v2\/posts\/91160\/revisions"}],"predecessor-version":[{"id":91162,"href":"https:\/\/zonaroja.com.mx\/index.php?rest_route=\/wp\/v2\/posts\/91160\/revisions\/91162"}],"wp:featuredmedia":[{"embeddable":true,"href":"https:\/\/zonaroja.com.mx\/index.php?rest_route=\/wp\/v2\/media\/91161"}],"wp:attachment":[{"href":"https:\/\/zonaroja.com.mx\/index.php?rest_route=%2Fwp%2Fv2%2Fmedia&parent=91160"}],"wp:term":[{"taxonomy":"category","embeddable":true,"href":"https:\/\/zonaroja.com.mx\/index.php?rest_route=%2Fwp%2Fv2%2Fcategories&post=91160"},{"taxonomy":"post_tag","embeddable":true,"href":"https:\/\/zonaroja.com.mx\/index.php?rest_route=%2Fwp%2Fv2%2Ftags&post=91160"}],"curies":[{"name":"wp","href":"https:\/\/api.w.org\/{rel}","templated":true}]}}