{"id":91163,"date":"2026-03-12T21:13:22","date_gmt":"2026-03-13T03:13:22","guid":{"rendered":"https:\/\/zonaroja.com.mx\/?p=91163"},"modified":"2026-03-12T21:13:23","modified_gmt":"2026-03-13T03:13:23","slug":"juchitan-imparable-tres-ejecutados-en-24-horas-hoy-un-joven","status":"publish","type":"post","link":"https:\/\/zonaroja.com.mx\/?p=91163","title":{"rendered":"Juchit\u00e1n imparable: tres ejecutados en 24 horas; hoy un joven"},"content":{"rendered":"\n<p>Raymundo Morales\/Zona Roja.<\/p>\n\n\n\n<p>Oaxaca, Oax., 12 de marzo de 2026.- La ola violenta en Juchit\u00e1n de Zaragoza sigue imparable.<\/p>\n\n\n\n<p>Este jueves un joven fue asesinado a balazos a unos pasos de un plantel de bachillerato, con lo que suman tres ejecutados en un lapso de 24 horas.<\/p>\n\n\n\n<p>El m\u00e1s reciente crimen ocurri\u00f3 la tarde de hoy afuera del Centro de Bachillerato Tecnol\u00f3gico, Industrial y de Servicios n\u00famero 205, ubicado en la prolongaci\u00f3n de avenida Morelos.<\/p>\n\n\n\n<p>Sujetos armados dispararon de manera directa en contra del joven de 19 a\u00f1os de edad, identificado despu\u00e9s como David \u201cN\u201d, mientras esperaba pasaje a bordo de su mototaxi.<\/p>\n\n\n\n<p>Pese a la cantidad de gente que hab\u00eda en la zona, entre estudiantes, docentes y padres de familia, nadie pudo detener al homicida, que logr\u00f3 huir.<\/p>\n\n\n\n<p>Tras ello arribaron familiares quienes reconocieron a la v\u00edctima; mientras que la Vicefiscal\u00eda Regional del Istmo inici\u00f3 con las primeras indagatorias.<\/p>\n\n\n\n<p>Cabe mencionar que ayer, en dos hechos distintos, un trabajador de una tienda de materiales de construcci\u00f3n fue ultimado a balazos y minutos despu\u00e9s una mujer vendedora de alimentos tambi\u00e9n fue asesinada.<\/p>\n\n\n\n<p>Todo ello a pesar de que, seg\u00fan el Gabinete de Seguridad del gobierno de Oaxaca, hay unos mil polic\u00edas adicionales en la regi\u00f3n del Istmo en operativos extraordinarios.<\/p>\n","protected":false},"excerpt":{"rendered":"<p>Raymundo Morales\/Zona Roja. Oaxaca, Oax., 12 de marzo de 2026.- La ola violenta en Juchit\u00e1n&hellip;<\/p>\n","protected":false},"author":2,"featured_media":91164,"comment_status":"closed","ping_status":"open","sticky":false,"template":"","format":"standard","meta":{"_lmt_disableupdate":"","_lmt_disable":"","_jetpack_memberships_contains_paid_content":false,"footnotes":""},"categories":[109,47],"tags":[297],"class_list":["post-91163","post","type-post","status-publish","format-standard","has-post-thumbnail","hentry","category-minuto-a-minuto","category-zona-gris","tag-ejecutado-juchitan"],"jetpack_featured_media_url":"https:\/\/zonaroja.com.mx\/wp-content\/uploads\/2026\/03\/Ejecutado-Juchitan-Oaxaca.jpg","jetpack_sharing_enabled":true,"_links":{"self":[{"href":"https:\/\/zonaroja.com.mx\/index.php?rest_route=\/wp\/v2\/posts\/91163","targetHints":{"allow":["GET"]}}],"collection":[{"href":"https:\/\/zonaroja.com.mx\/index.php?rest_route=\/wp\/v2\/posts"}],"about":[{"href":"https:\/\/zonaroja.com.mx\/index.php?rest_route=\/wp\/v2\/types\/post"}],"author":[{"embeddable":true,"href":"https:\/\/zonaroja.com.mx\/index.php?rest_route=\/wp\/v2\/users\/2"}],"replies":[{"embeddable":true,"href":"https:\/\/zonaroja.com.mx\/index.php?rest_route=%2Fwp%2Fv2%2Fcomments&post=91163"}],"version-history":[{"count":1,"href":"https:\/\/zonaroja.com.mx\/index.php?rest_route=\/wp\/v2\/posts\/91163\/revisions"}],"predecessor-version":[{"id":91165,"href":"https:\/\/zonaroja.com.mx\/index.php?rest_route=\/wp\/v2\/posts\/91163\/revisions\/91165"}],"wp:featuredmedia":[{"embeddable":true,"href":"https:\/\/zonaroja.com.mx\/index.php?rest_route=\/wp\/v2\/media\/91164"}],"wp:attachment":[{"href":"https:\/\/zonaroja.com.mx\/index.php?rest_route=%2Fwp%2Fv2%2Fmedia&parent=91163"}],"wp:term":[{"taxonomy":"category","embeddable":true,"href":"https:\/\/zonaroja.com.mx\/index.php?rest_route=%2Fwp%2Fv2%2Fcategories&post=91163"},{"taxonomy":"post_tag","embeddable":true,"href":"https:\/\/zonaroja.com.mx\/index.php?rest_route=%2Fwp%2Fv2%2Ftags&post=91163"}],"curies":[{"name":"wp","href":"https:\/\/api.w.org\/{rel}","templated":true}]}}