{"id":91166,"date":"2026-03-12T22:12:16","date_gmt":"2026-03-13T04:12:16","guid":{"rendered":"https:\/\/zonaroja.com.mx\/?p=91166"},"modified":"2026-03-12T22:12:18","modified_gmt":"2026-03-13T04:12:18","slug":"se-reforzara-el-trabajo-con-la-federacion-senala-edil-tras-reunion-en-cdmx","status":"publish","type":"post","link":"https:\/\/zonaroja.com.mx\/?p=91166","title":{"rendered":"Se reforzar\u00e1 el trabajo con la Federaci\u00f3n, se\u00f1ala edil tras reuni\u00f3n en Cdmx"},"content":{"rendered":"\n<p>Lisbeth Mej\u00eda Reyes\/Zona Roja.<\/p>\n\n\n\n<p>Oaxaca, Oax., a 12 de marzo de 2026.- El presidente municipal de Oaxaca de Ju\u00e1rez, Raymundo Chagoya Villanueva, se\u00f1al\u00f3 que a ra\u00edz de la reciente reuni\u00f3n de 61 municipios con la Federaci\u00f3n, habr\u00e1 un fortalecimiento entre la relaci\u00f3n de ambos \u00f3rdenes de gobierno.<\/p>\n\n\n\n<p>\u00abViene el trabajo de la federaci\u00f3n directamente con esos 61 municipios, viene un tema de canchas, un tema deportivo, preparatorias, el tema de senderos seguros con la SICT, el tema de juventudes, de activaciones f\u00edsicas\u00bb, explic\u00f3 este jueves.<\/p>\n\n\n\n<p>Sobre la reuni\u00f3n sostenida el pasado martes en Palacio Nacional, Ciudad de M\u00e9xico, Chagoya Villanueva detall\u00f3 que adem\u00e1s de las y los presidentes municipales se cont\u00f3 con la presencia de funcionarios de la Secretar\u00eda de Desarrollo Agrario, Territorial y Urbano (Sedatu), dea Secretar\u00eda de Educaci\u00f3n P\u00fablica (SEP), de la Secretar\u00eda de Seguridad y Protecci\u00f3n Ciudadana, entre otros.<\/p>\n\n\n\n<p>\u00abSon acciones directas con estos 61 municipios de c\u00f3mo beneficiar directamente a los municipios, de c\u00f3mo trabajar con estos municipios\u00bb, detall\u00f3 el edil sobre la reuni\u00f3n a la que asistieron sus pares de Cuernavaca, San Luis Potos\u00ed, Tijuana, entre otros de las capitales y de los municipios m\u00e1s grandes de los estados.<\/p>\n\n\n\n<p>La reuni\u00f3n convocada por la presidenta Claudia Sheinbaum Pardo junto con la Secretar\u00eda de Gobernaci\u00f3n se enfoc\u00f3 en mantener la atenci\u00f3n en los municipios con los m\u00e1s altos \u00edndices de violencia y de percepci\u00f3n de inseguridad, a fin de otorgar m\u00e1s recursos para actividades de prevenci\u00f3n, de atenci\u00f3n a las causas y de combate a la inseguridad.<\/p>\n\n\n\n<p>Chagoya Villanueva se\u00f1al\u00f3 que de manera personal entreg\u00f3 un informe a la presidenta sobre el trabajo que se ha realizado en la capital en materia de seguridad y en coordinaci\u00f3n con la Secretar\u00eda de la Defensa Nacional y la Guardia Nacional.<\/p>\n\n\n\n<p>De acuerdo con la reciente Encuesta Nacional de Seguridad P\u00fablica Urbana (ENSU) del Instituto Nacional de Estad\u00edstica y Geograf\u00eda (INEGI), Oaxaca de Ju\u00e1rez se ubic\u00f3 en el lugar 27 de mayor percepci\u00f3n de inseguridad. Seg\u00fan la encuesta, hasta el cuarto trimestre de 2025, el 75.8 por ciento de la ciudadan\u00eda consideraba a la capital como insegura. Esta percepci\u00f3n es mayor a la del mismo periodo de 2024, cuando era del 70.2 por ciento.<\/p>\n\n\n\n<p>Este jueves, despu\u00e9s de la inauguraci\u00f3n de la Expo Acu\u00edcola y Pesquera Cuaresma 2026, Chagoya Villanueva tambi\u00e9n adelant\u00f3 que por las vacaciones de Semana Santa se alista un operativo para la seguridad de locales y visitantes.<\/p>\n","protected":false},"excerpt":{"rendered":"<p>Lisbeth Mej\u00eda Reyes\/Zona Roja. Oaxaca, Oax., a 12 de marzo de 2026.- El presidente municipal&hellip;<\/p>\n","protected":false},"author":2,"featured_media":91167,"comment_status":"closed","ping_status":"open","sticky":false,"template":"","format":"standard","meta":{"_lmt_disableupdate":"","_lmt_disable":"","_jetpack_memberships_contains_paid_content":false,"footnotes":""},"categories":[109,46],"tags":[148,4403],"class_list":["post-91166","post","type-post","status-publish","format-standard","has-post-thumbnail","hentry","category-minuto-a-minuto","category-zona-blanca","tag-oaxaca-de-juarez","tag-ray-chagoya"],"jetpack_featured_media_url":"https:\/\/zonaroja.com.mx\/wp-content\/uploads\/2026\/03\/Salomon-Jara-y-Raymundo-Chagoya.jpeg","jetpack_sharing_enabled":true,"_links":{"self":[{"href":"https:\/\/zonaroja.com.mx\/index.php?rest_route=\/wp\/v2\/posts\/91166","targetHints":{"allow":["GET"]}}],"collection":[{"href":"https:\/\/zonaroja.com.mx\/index.php?rest_route=\/wp\/v2\/posts"}],"about":[{"href":"https:\/\/zonaroja.com.mx\/index.php?rest_route=\/wp\/v2\/types\/post"}],"author":[{"embeddable":true,"href":"https:\/\/zonaroja.com.mx\/index.php?rest_route=\/wp\/v2\/users\/2"}],"replies":[{"embeddable":true,"href":"https:\/\/zonaroja.com.mx\/index.php?rest_route=%2Fwp%2Fv2%2Fcomments&post=91166"}],"version-history":[{"count":1,"href":"https:\/\/zonaroja.com.mx\/index.php?rest_route=\/wp\/v2\/posts\/91166\/revisions"}],"predecessor-version":[{"id":91168,"href":"https:\/\/zonaroja.com.mx\/index.php?rest_route=\/wp\/v2\/posts\/91166\/revisions\/91168"}],"wp:featuredmedia":[{"embeddable":true,"href":"https:\/\/zonaroja.com.mx\/index.php?rest_route=\/wp\/v2\/media\/91167"}],"wp:attachment":[{"href":"https:\/\/zonaroja.com.mx\/index.php?rest_route=%2Fwp%2Fv2%2Fmedia&parent=91166"}],"wp:term":[{"taxonomy":"category","embeddable":true,"href":"https:\/\/zonaroja.com.mx\/index.php?rest_route=%2Fwp%2Fv2%2Fcategories&post=91166"},{"taxonomy":"post_tag","embeddable":true,"href":"https:\/\/zonaroja.com.mx\/index.php?rest_route=%2Fwp%2Fv2%2Ftags&post=91166"}],"curies":[{"name":"wp","href":"https:\/\/api.w.org\/{rel}","templated":true}]}}