{"id":91169,"date":"2026-03-13T07:15:00","date_gmt":"2026-03-13T13:15:00","guid":{"rendered":"https:\/\/zonaroja.com.mx\/?p=91169"},"modified":"2026-03-13T07:03:36","modified_gmt":"2026-03-13T13:03:36","slug":"sentencian-a-30-anos-de-prision-a-sujeto-que-con-grupo-armado-ejecuto-a-una-persona","status":"publish","type":"post","link":"https:\/\/zonaroja.com.mx\/?p=91169","title":{"rendered":"Sentencian a 30 a\u00f1os de prisi\u00f3n a sujeto que con grupo armado ejecut\u00f3 a una persona"},"content":{"rendered":"\n<p>Redacci\u00f3n\/Zona Roja.<\/p>\n\n\n\n<p>Oaxaca, Oax., a 13 de marzo de 2026.- La Fiscal\u00eda General del Estado de Oaxaca (FGEO) obtuvo sentencia condenatoria de 30 a\u00f1os de prisi\u00f3n en contra de una persona del sexo masculino identificada como Jorge V.G., por su responsabilidad en el delito de homicidio calificado con premeditaci\u00f3n, alevos\u00eda y ventaja, cometido en la regi\u00f3n de la Sierra Sur.<\/p>\n\n\n\n<p>De acuerdo con el expediente penal del caso, los hechos ocurrieron el 25 de abril de 2022, cuando la v\u00edctima identificada como J.E.H.O., circulaba a bordo de una unidad de motor a la altura del paraje \u201cPuente San Antonio\u201d, perteneciente al municipio de San Crist\u00f3bal Amatl\u00e1n, distrito de Miahuatl\u00e1n.<\/p>\n\n\n\n<p>Las investigaciones ministeriales establecen que, en ese punto, la v\u00edctima fue interceptada por un grupo de personas que se encontraban a bordo de una camioneta estacionada en sentido contrario. Entre los agresores se encontraba, el ahora sentenciado, Jorge V.G., quien realiz\u00f3 disparos de arma de fuego contra la v\u00edctima.<\/p>\n\n\n\n<p>Como consecuencia del ataque, la v\u00edctima recibi\u00f3 diversas lesiones que provocaron que perdiera el control del veh\u00edculo e impactara contra un poste de energ\u00eda el\u00e9ctrica, lo que le ocasion\u00f3 la muerte en el lugar.<\/p>\n\n\n\n<p>Tras cometer el crimen, los agresores huyeron a bordo de su veh\u00edculo con direcci\u00f3n a San Luis Amatl\u00e1n. Posteriormente, dicha unidad fue abandonada y localizada sobre un camino de terracer\u00eda en la rancher\u00eda Las Salinas, perteneciente a San Antonio Chiguivana, en el mismo municipio, donde fue asegurada por personal de la Agencia Estatal de Investigaciones (AEI) como parte de las diligencias ministeriales.<\/p>\n\n\n\n<p>Ante estos hechos, la FGEO, a trav\u00e9s de la Vicefiscal\u00eda Regional de Valles Centrales, inici\u00f3 una investigaci\u00f3n exhaustiva que permiti\u00f3 identificar y detener a Jorge V.G., quien fue presentado ante el Juez que conoce la causa.&nbsp;<\/p>\n\n\n\n<p>Luego de analizar y valorar las pruebas presentadas por la Fiscal\u00eda de Oaxaca, el Juez en turno dict\u00f3 sentencia condenatoria de 30 a\u00f1os de prisi\u00f3n contra Jorge V.G., adem\u00e1s de imponer el pago superior a 480 mil pesos por concepto de reparaci\u00f3n del da\u00f1o en favor de las v\u00edctimas indirectas.<\/p>\n\n\n\n<p>VINCULADOS A PROCESO<\/p>\n\n\n\n<p>En otro caso, la Fiscal\u00eda General del Estado de Oaxaca (FGEO), a trav\u00e9s de la Vicefiscal\u00eda Regional de Valles Centrales, obtuvo una vinculaci\u00f3n a proceso y ejecut\u00f3 una orden de cateo por delitos contra la salud en su modalidad de narcomenudeo, en hechos distintos ocurridos en la regi\u00f3n de Valles Centrales.<\/p>\n\n\n\n<p>En el primer caso, se dio cumplimiento a una orden de cateo en un domicilio ubicado en la calle Aldama, en San Jos\u00e9 Guelatov\u00e1, perteneciente a Zimatl\u00e1n de \u00c1lvarez, como parte de investigaciones relacionadas con la presunta venta de estupefacientes.<\/p>\n\n\n\n<p>Durante la intervenci\u00f3n, los agentes lograron la detenci\u00f3n de tres hombres y aseguraron diversas dosis de drogas, dinero en efectivo y un arma de fuego, objetos que fueron integrados a las investigaciones ministeriales.<\/p>\n\n\n\n<p>En tanto, las tres personas detenidas fueron puestas a disposici\u00f3n de la autoridad competente para definir su situaci\u00f3n jur\u00eddica.<\/p>\n\n\n\n<p>En un hecho distinto, la Fiscal\u00eda de Oaxaca obtuvo auto de vinculaci\u00f3n a proceso en contra de un hombre identificado como I.S.G.M., por el delito contra la salud en su modalidad de narcomenudeo, en la hip\u00f3tesis de posesi\u00f3n con fines de comercio de metanfetamina y cannabis.<\/p>\n\n\n\n<p>De acuerdo con el expediente penal, el imputado fue detenido tras un cateo realizado por elementos de la Agencia Estatal de Investigaciones (AEI) en un domicilio ubicado sobre la avenida Benito Ju\u00e1rez, en el municipio de Santa Ana Zegache, distrito de Ocotl\u00e1n de Morelos. En el lugar, los agentes localizaron al imputado en posesi\u00f3n de diversas dosis de metanfetamina -conocida como cristal-, as\u00ed como cannabis.<\/p>\n\n\n\n<p>Durante la audiencia, el juez de la causa impuso la medida cautelar de prisi\u00f3n preventiva justificada de manera definitiva y otorg\u00f3 el plazo de dos meses para el cierre de la investigaci\u00f3n complementaria.<\/p>\n\n\n\n<p>Por otra parte, la instituci\u00f3n obtuvo auto de vinculaci\u00f3n a proceso y prisi\u00f3n preventiva en contra de dos personas identificadas como V.L.M.C. y A.C.J., por el delito de venta de bebidas alcoh\u00f3licas a menores de edad, luego de un operativo interinstitucional en la zona metropolitana de la capital oaxaque\u00f1a.<\/p>\n\n\n\n<p>La detenci\u00f3n de ambas personas deriv\u00f3 de un operativo nocturno implementado a trav\u00e9s del Mando Metropolitano, en coordinaci\u00f3n con la Vicefiscal\u00eda Regional de Valles Centrales, la Agencia Estatal de Investigaciones (AEI), Polic\u00eda Estatal, Polic\u00eda Vial Estatal, Secretar\u00eda de la Defensa Nacional (Defensa), Guardia Nacional e inspectores municipales, quienes realizaron recorridos y verificaciones en establecimientos con venta de bebidas alcoh\u00f3licas con el objetivo de proteger a la poblaci\u00f3n adolescente y garantizar espacios seguros.<\/p>\n\n\n\n<p>Durante el despliegue policial, al ingresar al bar \u201cDembow\u201d, tambi\u00e9n conocido como \u201cEl Nido\u201d, ubicado en la zona del r\u00edo \u201cAtoyac\u201d, en jurisdicci\u00f3n de San Jacinto Amilpas, los elementos de seguridad detectaron menores de edad consumiendo bebidas alcoh\u00f3licas.<\/p>\n\n\n\n<p>Ante estos hechos, las autoridades procedieron a la detenci\u00f3n de dos personas que se ostentaron como encargadas del establecimiento, quienes fueron puestas a disposici\u00f3n de la autoridad ministerial para definir su situaci\u00f3n jur\u00eddica.<\/p>\n\n\n\n<p>En audiencia, la Jueza de la causa dict\u00f3 auto de vinculaci\u00f3n a proceso contra V.L.M.C. (mujer) y A.C.J., (hombre), adem\u00e1s de imponer la medida cautelar de prisi\u00f3n preventiva justificada, al considerar el riesgo para la comunidad adolescente, y fij\u00f3 el plazo de un mes para el cierre de la investigaci\u00f3n complementaria.<\/p>\n","protected":false},"excerpt":{"rendered":"<p>Redacci\u00f3n\/Zona Roja. Oaxaca, Oax., a 13 de marzo de 2026.- La Fiscal\u00eda General del Estado&hellip;<\/p>\n","protected":false},"author":2,"featured_media":91170,"comment_status":"closed","ping_status":"open","sticky":false,"template":"","format":"standard","meta":{"_lmt_disableupdate":"","_lmt_disable":"","_jetpack_memberships_contains_paid_content":false,"footnotes":""},"categories":[109,46],"tags":[494],"class_list":["post-91169","post","type-post","status-publish","format-standard","has-post-thumbnail","hentry","category-minuto-a-minuto","category-zona-blanca","tag-fiscalia-general-del-estado-de-oaxaca"],"jetpack_featured_media_url":"https:\/\/zonaroja.com.mx\/wp-content\/uploads\/2026\/03\/Sentenciado-a-30-anos-por-homicidio-Amatlan-Fiscalia.jpg","jetpack_sharing_enabled":true,"_links":{"self":[{"href":"https:\/\/zonaroja.com.mx\/index.php?rest_route=\/wp\/v2\/posts\/91169","targetHints":{"allow":["GET"]}}],"collection":[{"href":"https:\/\/zonaroja.com.mx\/index.php?rest_route=\/wp\/v2\/posts"}],"about":[{"href":"https:\/\/zonaroja.com.mx\/index.php?rest_route=\/wp\/v2\/types\/post"}],"author":[{"embeddable":true,"href":"https:\/\/zonaroja.com.mx\/index.php?rest_route=\/wp\/v2\/users\/2"}],"replies":[{"embeddable":true,"href":"https:\/\/zonaroja.com.mx\/index.php?rest_route=%2Fwp%2Fv2%2Fcomments&post=91169"}],"version-history":[{"count":1,"href":"https:\/\/zonaroja.com.mx\/index.php?rest_route=\/wp\/v2\/posts\/91169\/revisions"}],"predecessor-version":[{"id":91171,"href":"https:\/\/zonaroja.com.mx\/index.php?rest_route=\/wp\/v2\/posts\/91169\/revisions\/91171"}],"wp:featuredmedia":[{"embeddable":true,"href":"https:\/\/zonaroja.com.mx\/index.php?rest_route=\/wp\/v2\/media\/91170"}],"wp:attachment":[{"href":"https:\/\/zonaroja.com.mx\/index.php?rest_route=%2Fwp%2Fv2%2Fmedia&parent=91169"}],"wp:term":[{"taxonomy":"category","embeddable":true,"href":"https:\/\/zonaroja.com.mx\/index.php?rest_route=%2Fwp%2Fv2%2Fcategories&post=91169"},{"taxonomy":"post_tag","embeddable":true,"href":"https:\/\/zonaroja.com.mx\/index.php?rest_route=%2Fwp%2Fv2%2Ftags&post=91169"}],"curies":[{"name":"wp","href":"https:\/\/api.w.org\/{rel}","templated":true}]}}