{"id":91172,"date":"2026-03-13T08:15:00","date_gmt":"2026-03-13T14:15:00","guid":{"rendered":"https:\/\/zonaroja.com.mx\/?p=91172"},"modified":"2026-03-13T07:20:04","modified_gmt":"2026-03-13T13:20:04","slug":"exige-seccion-22-aparicion-de-activista-de-santa-maria-jacatepec","status":"publish","type":"post","link":"https:\/\/zonaroja.com.mx\/?p=91172","title":{"rendered":"Exige Secci\u00f3n 22 aparici\u00f3n de activista de Santa Mar\u00eda Jacatepec"},"content":{"rendered":"\n<p>Raymundo Morales\/Zona Roja.<\/p>\n\n\n\n<p>Oaxaca, Oax., a 13 de marzo de 2026.- Un activista social fue reportado como desaparecido ayer por la tarde en Santa Mar\u00eda Jacatepec, municipio de la regi\u00f3n Cuenca del Papaloapan.<\/p>\n\n\n\n<p>Ante ello, organismos civiles y la Secci\u00f3n 22 del Sindicato Nacional de Trabajadores de la Educaci\u00f3n condenaron el hecho y exigieron la aparici\u00f3n con vida de Jorge Antonio Procopio.<\/p>\n\n\n\n<p>Es conocido como defensor de la tierra e integrante del movimiento comunitario en defensa del territorio en la colonia San Juan del R\u00edo, en el municipio de Santa Mar\u00eda Jacatepec.<\/p>\n\n\n\n<p>Seg\u00fan detall\u00f3 la gremial, Jorge Antonio Procopio es ind\u00edgena chinanteco, originario de la comunidad de Vega del Sol, y forma parte de la organizaci\u00f3n comunitaria que se ha movilizado para defender la tierra y el territorio ante intentos de despojo.<\/p>\n\n\n\n<p>Ante ello, el magisterio y organizaciones demandaron la presentaci\u00f3n con vida de Jorge Antonio Procopio y Sa\u00fal Antonio Procopio; la intervenci\u00f3n inmediata de las autoridades para garantizar su integridad f\u00edsica.<\/p>\n\n\n\n<p>Asimismo, el cese de cualquier acto de intimidaci\u00f3n contra quienes defienden la tierra y el territorio; adem\u00e1s, una investigaci\u00f3n urgente, seria y transparente que permita esclarecer los hechos y sancionar a los responsables.<\/p>\n\n\n\n<p>Por su parte, el Consejo Nacional de Pueblos en Lucha dio a conocer en un comunicado que ayer, alrededor de las 15:00 horas, \u201cfue \u2018levantado\u2019 con lujo de violencia\u201d Jorge Antonio Procopio, integrante del movimiento en defensa de la tierra en la colonia San Juan del R\u00edo.<\/p>\n\n\n\n<p>\u201cDe acuerdo con informaci\u00f3n de habitantes de la comunidad, minutos antes del hecho el compa\u00f1ero Jorge report\u00f3 que dos personas lo estaban grabando, situaci\u00f3n que le gener\u00f3 preocupaci\u00f3n.<\/p>\n\n\n\n<p>\u201cPosteriormente, dos veh\u00edculos ingresaron a su domicilio con hombres encapuchados y armados, quienes golpearon salvajemente y levantaron al compa\u00f1ero Jorge Antonio Procopio y a su hermano de nombre Sa\u00fal Antonio Procopio, llevandoselos con rumbo desconocido.<\/p>\n\n\n\n<p>\u201cDesde ese momento, la comunidad vive un clima de zozobra, ya que por los altavoces de la localidad se est\u00e1 alertando sobre la presencia de hombres armados, mientras que desde la ma\u00f1ana un autom\u00f3vil negro hab\u00eda estado dando rondines en la zona.&nbsp;<\/p>\n\n\n\n<p>\u201cTestigos tambi\u00e9n reportaron que un mototaxi con tres sujetos vestidos de negro se encontraba grabando en el lugar antes de los hechos\u201d.<\/p>\n\n\n\n<p>Cabe mencionar que durante dos d\u00edas, habitantes de Jacatepec bloquearon la carretera federal Oaxaca-Tuxtepec, a la altura de ese municipio.<\/p>\n","protected":false},"excerpt":{"rendered":"<p>Raymundo Morales\/Zona Roja. Oaxaca, Oax., a 13 de marzo de 2026.- Un activista social fue&hellip;<\/p>\n","protected":false},"author":2,"featured_media":91173,"comment_status":"closed","ping_status":"open","sticky":false,"template":"","format":"standard","meta":{"_lmt_disableupdate":"","_lmt_disable":"","_jetpack_memberships_contains_paid_content":false,"footnotes":""},"categories":[109,46],"tags":[4716,1514],"class_list":["post-91172","post","type-post","status-publish","format-standard","has-post-thumbnail","hentry","category-minuto-a-minuto","category-zona-blanca","tag-jorge-antonio-procopio","tag-santa-maria-jacatepec"],"jetpack_featured_media_url":"https:\/\/zonaroja.com.mx\/wp-content\/uploads\/2026\/03\/Jacatepec-Jorge-Antonio-Procopio.jpg","jetpack_sharing_enabled":true,"_links":{"self":[{"href":"https:\/\/zonaroja.com.mx\/index.php?rest_route=\/wp\/v2\/posts\/91172","targetHints":{"allow":["GET"]}}],"collection":[{"href":"https:\/\/zonaroja.com.mx\/index.php?rest_route=\/wp\/v2\/posts"}],"about":[{"href":"https:\/\/zonaroja.com.mx\/index.php?rest_route=\/wp\/v2\/types\/post"}],"author":[{"embeddable":true,"href":"https:\/\/zonaroja.com.mx\/index.php?rest_route=\/wp\/v2\/users\/2"}],"replies":[{"embeddable":true,"href":"https:\/\/zonaroja.com.mx\/index.php?rest_route=%2Fwp%2Fv2%2Fcomments&post=91172"}],"version-history":[{"count":1,"href":"https:\/\/zonaroja.com.mx\/index.php?rest_route=\/wp\/v2\/posts\/91172\/revisions"}],"predecessor-version":[{"id":91174,"href":"https:\/\/zonaroja.com.mx\/index.php?rest_route=\/wp\/v2\/posts\/91172\/revisions\/91174"}],"wp:featuredmedia":[{"embeddable":true,"href":"https:\/\/zonaroja.com.mx\/index.php?rest_route=\/wp\/v2\/media\/91173"}],"wp:attachment":[{"href":"https:\/\/zonaroja.com.mx\/index.php?rest_route=%2Fwp%2Fv2%2Fmedia&parent=91172"}],"wp:term":[{"taxonomy":"category","embeddable":true,"href":"https:\/\/zonaroja.com.mx\/index.php?rest_route=%2Fwp%2Fv2%2Fcategories&post=91172"},{"taxonomy":"post_tag","embeddable":true,"href":"https:\/\/zonaroja.com.mx\/index.php?rest_route=%2Fwp%2Fv2%2Ftags&post=91172"}],"curies":[{"name":"wp","href":"https:\/\/api.w.org\/{rel}","templated":true}]}}