{"id":91175,"date":"2026-03-13T09:15:00","date_gmt":"2026-03-13T15:15:00","guid":{"rendered":"https:\/\/zonaroja.com.mx\/?p=91175"},"modified":"2026-03-13T08:16:52","modified_gmt":"2026-03-13T14:16:52","slug":"inicia-en-oaxaca-la-xx-reunion-internacional-con-mas-de-mil-penalistas","status":"publish","type":"post","link":"https:\/\/zonaroja.com.mx\/?p=91175","title":{"rendered":"Inicia en\u00a0Oaxaca la\u00a0XX\u00a0Reuni\u00f3n\u00a0Internacional con m\u00e1s de mil penalistas"},"content":{"rendered":"\n<p>Redacci\u00f3n\/Zona Roja.<\/p>\n\n\n\n<p>Oaxaca, Oax., a 13 de marzo de 2026.- Con la participaci\u00f3n de m\u00e1s de mil especialistas del \u00e1mbito jur\u00eddico nacional e internacional, acad\u00e9micos, litigantes, operadores del sistema de justicia y estudiantes,&nbsp;provenientes de distintos estados del pa\u00eds y de naciones como Chile, Argentina, Per\u00fa, Colombia, Italia y Espa\u00f1a,&nbsp;inici\u00f3 en Oaxaca la XX Reuni\u00f3n Internacional de Abogados Penalistas, un espacio acad\u00e9mico de alto nivel para el an\u00e1lisis de los principales retos del Derecho Penal en la actualidad.<\/p>\n\n\n\n<p>En&nbsp;el marco de&nbsp;la inauguraci\u00f3n del encuentro, que estuvo a cargo del gobernador Salom\u00f3n Jara Cruz, la titular del Poder Judicial del Estado, magistrada Erika Mar\u00eda Rodr\u00edguez&nbsp;Rodr\u00edguez, enfatiz\u00f3 que \u201cel conocimiento jur\u00eddico penal no puede permanecer est\u00e1tico. Debe evolucionar, dialogar con otras disciplinas y abrirse a nuevas perspectivas\u201d.<\/p>\n\n\n\n<p>En este sentido, manifest\u00f3 que el derecho penal enfrenta hoy desaf\u00edos cr\u00edticos, como la inseguridad, nuevas formas de criminalidad, avances tecnol\u00f3gicos que transforman la evidencia y la prueba, debates \u00e9ticos en torno a la inteligencia artificial, demandas sociales de justicia con perspectiva de g\u00e9nero y la necesidad de reconocer realidades jur\u00eddicas plurales.<\/p>\n\n\n\n<p>Ante estos retos, se\u00f1al\u00f3 que la vig\u00e9sima edici\u00f3n de esta reuni\u00f3n internacional constituye un espacio plural de an\u00e1lisis, reflexi\u00f3n y actualizaci\u00f3n profesional, que permite el intercambio de experiencias y perspectivas entre especialistas del derecho penal desde una visi\u00f3n nacional e internacional.&nbsp;\u201cHay profesiones que se ejercen con t\u00e9cnica, otras con talento, pero la nuestra&nbsp;solo puede ejercerse con conciencia y pasi\u00f3n\u201d,&nbsp;dijo.<\/p>\n\n\n\n<p>En el Centro Cultural y de Convenciones de Oaxaca, sede de este foro, durante tres d\u00edas se desarrollar\u00e1n conferencias magistrales, mesas de debate y paneles especializados en torno a cinco ejes tem\u00e1ticos clave: Derecho Penal y Personas Jur\u00eddicas, Razonamiento Probatorio, Perspectiva de G\u00e9nero, Neurociencia e Inteligencia Artificial, as\u00ed como Pluralismo Jur\u00eddico.<\/p>\n\n\n\n<p>Asimismo, se realizar\u00e1 la presentaci\u00f3n del libro \u201cAbuso y L\u00edmites del Poder Penal en Estados Democr\u00e1ticos de Derecho\u201d, coordinado por el jurista oaxaque\u00f1o Mois\u00e9s Moreno Hern\u00e1ndez, referente del pensamiento penal contempor\u00e1neo en M\u00e9xico.\u00a0<\/p>\n\n\n\n<p>Por su parte, durante su mensaje inaugural, el mandatario estatal Jara Cruz destac\u00f3 que este encuentro representa una valiosa oportunidad para analizar los desaf\u00edos contempor\u00e1neos del derecho penal y fortalecer el intercambio de conocimientos entre especialistas de M\u00e9xico y de distintos pa\u00edses.<\/p>\n\n\n\n<p>\u201cEl derecho no es \u00fanicamente un conjunto de normas, es un instrumento para preservar la dignidad humana, para garantizar libertades y para construir sociedades m\u00e1s justas\u201d, expres\u00f3 el titular del Poder Ejecutivo.<\/p>\n\n\n\n<figure class=\"wp-block-embed is-type-rich is-provider-twitter wp-block-embed-twitter\"><div class=\"wp-block-embed__wrapper\">\n<div class=\"twitter-tweet\"><blockquote class=\"twitter-tweet\" data-lang=\"es\"><p lang=\"es\" dir=\"ltr\">2. En su mensaje de bienvenida, la titular del Poder Judicial de Oaxaca y presidenta del Tribunal Superior de Justicia (<a href=\"https:\/\/twitter.com\/tsjoaxaca?ref_src=twsrc%5Etfw\">@tsjoaxaca<\/a>), \u00c9rika Mar\u00eda Rodr\u00edguez (<a href=\"https:\/\/twitter.com\/erikamariarr?ref_src=twsrc%5Etfw\">@erikamariarr<\/a>), se congratul\u00f3 por la presencia de abogados penalistas de todo el pa\u00eds y de varias naciones. <br>Destac\u00f3 la\u2026 <a href=\"https:\/\/t.co\/H2T4lq7by7\">pic.twitter.com\/H2T4lq7by7<\/a><\/p>&mdash; Zona Roja Oaxaca (@ZonaRoja_Oaxaca) <a href=\"https:\/\/twitter.com\/ZonaRoja_Oaxaca\/status\/2032246108613644593?ref_src=twsrc%5Etfw\">13 de marzo de 2026<\/a><\/blockquote><\/div>\n<\/div><\/figure>\n","protected":false},"excerpt":{"rendered":"<p>Redacci\u00f3n\/Zona Roja. Oaxaca, Oax., a 13 de marzo de 2026.- Con la participaci\u00f3n de m\u00e1s&hellip;<\/p>\n","protected":false},"author":2,"featured_media":91176,"comment_status":"closed","ping_status":"open","sticky":false,"template":"","format":"standard","meta":{"_lmt_disableupdate":"","_lmt_disable":"","_jetpack_memberships_contains_paid_content":false,"footnotes":""},"categories":[109,46],"tags":[4430,223],"class_list":["post-91175","post","type-post","status-publish","format-standard","has-post-thumbnail","hentry","category-minuto-a-minuto","category-zona-blanca","tag-erika-maria-rodriguez-rodriguez","tag-poder-judicial-de-oaxaca"],"jetpack_featured_media_url":"https:\/\/zonaroja.com.mx\/wp-content\/uploads\/2026\/03\/01-reunion-abogados.jpg","jetpack_sharing_enabled":true,"_links":{"self":[{"href":"https:\/\/zonaroja.com.mx\/index.php?rest_route=\/wp\/v2\/posts\/91175","targetHints":{"allow":["GET"]}}],"collection":[{"href":"https:\/\/zonaroja.com.mx\/index.php?rest_route=\/wp\/v2\/posts"}],"about":[{"href":"https:\/\/zonaroja.com.mx\/index.php?rest_route=\/wp\/v2\/types\/post"}],"author":[{"embeddable":true,"href":"https:\/\/zonaroja.com.mx\/index.php?rest_route=\/wp\/v2\/users\/2"}],"replies":[{"embeddable":true,"href":"https:\/\/zonaroja.com.mx\/index.php?rest_route=%2Fwp%2Fv2%2Fcomments&post=91175"}],"version-history":[{"count":1,"href":"https:\/\/zonaroja.com.mx\/index.php?rest_route=\/wp\/v2\/posts\/91175\/revisions"}],"predecessor-version":[{"id":91177,"href":"https:\/\/zonaroja.com.mx\/index.php?rest_route=\/wp\/v2\/posts\/91175\/revisions\/91177"}],"wp:featuredmedia":[{"embeddable":true,"href":"https:\/\/zonaroja.com.mx\/index.php?rest_route=\/wp\/v2\/media\/91176"}],"wp:attachment":[{"href":"https:\/\/zonaroja.com.mx\/index.php?rest_route=%2Fwp%2Fv2%2Fmedia&parent=91175"}],"wp:term":[{"taxonomy":"category","embeddable":true,"href":"https:\/\/zonaroja.com.mx\/index.php?rest_route=%2Fwp%2Fv2%2Fcategories&post=91175"},{"taxonomy":"post_tag","embeddable":true,"href":"https:\/\/zonaroja.com.mx\/index.php?rest_route=%2Fwp%2Fv2%2Ftags&post=91175"}],"curies":[{"name":"wp","href":"https:\/\/api.w.org\/{rel}","templated":true}]}}