{"id":91178,"date":"2026-03-13T10:17:00","date_gmt":"2026-03-13T16:17:00","guid":{"rendered":"https:\/\/zonaroja.com.mx\/?p=91178"},"modified":"2026-03-13T08:20:00","modified_gmt":"2026-03-13T14:20:00","slug":"cae-en-sinaloa-otro-de-los-10-mas-buscados-por-la-fbi","status":"publish","type":"post","link":"https:\/\/zonaroja.com.mx\/?p=91178","title":{"rendered":"Cae en Sinaloa otro de los 10 m\u00e1s buscados por la FBI"},"content":{"rendered":"\n<p>Redacci\u00f3n\/Zona Roja Cdmx.<\/p>\n\n\n\n<p>(Informaci\u00f3n de \u201cLa Jornada\u201d)<\/p>\n\n\n\n<p>Ciudad de M\u00e9xico, a 13 de marzo de 2026.- Efectivos de las corporaciones de seguridad de M\u00e9xico detuvieron en Culiac\u00e1n, Sinaloa, a Samuel Ram\u00edrez Jr, sospechoso del asesinato de dos mujeres en 2023 y uno de los 10 fugitivos m\u00e1s buscados de la Oficina Federal de Investigaci\u00f3n (FBI, por sus siglas en ingl\u00e9s), inform\u00f3 en redes sociales ayer el titular de la Secretar\u00eda de Seguridad y Protecci\u00f3n Ciudadana (SSPC), Omar Garc\u00eda Harfuch.<\/p>\n\n\n\n<p>Para la captura del sujeto \u2013por el que la agencia estadunidense ofrec\u00eda un mill\u00f3n de d\u00f3lares por informaci\u00f3n que condujera a su aprehensi\u00f3n\u2013 se present\u00f3 un intercambio de informaci\u00f3n entre los gobiernos de los dos pa\u00edses y Washington alert\u00f3 de su presencia en territorio mexicano.<\/p>\n\n\n\n<p>El director de la FBI, Kash Patel, destac\u00f3 que \u201c\u00e9ste es otro objetivo de alto valor muy buscado que ha sido capturado por la FBI y @TheJusticeDept bajo el liderazgo del presidente Trump\u201d.<\/p>\n\n\n\n<p>En la informaci\u00f3n dada a conocer por Garc\u00eda Harfuch, \u00e9ste detall\u00f3 que la captura se dio \u201cen seguimiento a trabajos de investigaci\u00f3n y como parte de los mecanismos de cooperaci\u00f3n internacional\u201d.<\/p>\n\n\n\n<p>En el operativo, dijo, participaron elementos de las secretar\u00edas de la Defensa Nacional, Marina y SSPC, as\u00ed como de la Guardia Nacional y personal de la Fiscal\u00eda General de la Rep\u00fablica, en coordinaci\u00f3n con el Instituto Nacional de Migraci\u00f3n (INM).<\/p>\n\n\n\n<p>En un comunicado, el gabinete de seguridad del gobierno de M\u00e9xico se\u00f1al\u00f3 que \u201ctras ser alertados de la presencia en territorio nacional de un sujeto buscado por autoridades estadunidenses, los efectivos implementaron cercos de seguridad en el municipio de Culiac\u00e1n, y al realizar recorridos de seguridad en la avenida Monte Gongga, en la colonia Altura del Sur, identificaron a una persona que coincid\u00eda con las caracter\u00edsticas de la persona buscada\u201d.<\/p>\n\n\n\n<p>Una vez que fue corroborada su identidad, se procedi\u00f3 a la aprehensi\u00f3n. \u201cSe le informaron sus derechos de ley y fue trasladado a las oficinas del INM\u201d.<\/p>\n\n\n\n<p>De su lado, el director de la FBI inform\u00f3 a trav\u00e9s de su cuenta de X que el sospechoso fue capturado en s\u00f3lo una hora y 13 minutos en Sinaloa y devuelto a Estados Unidos despu\u00e9s de ser agregado a la lista de los 10 fugitivos m\u00e1s buscados por la instancia a su cargo el pasado martes.<\/p>\n\n\n\n<p>Asimismo, agradeci\u00f3 la colaboraci\u00f3n de la oficina del agregado legal de la FBI en la Ciudad de M\u00e9xico, la SSPC, el INM y la Fiscal\u00eda Federal del Distrito Oeste de Washington por su colaboraci\u00f3n para coordinar el arresto.<\/p>\n\n\n\n<p>\u201cHace unas horas, Ram\u00edrez regres\u00f3 de M\u00e9xico y aterriz\u00f3 en Seattle detenido por la polic\u00eda de Federal Way, donde enfrentar\u00e1 la justicia\u201d, escribi\u00f3.<\/p>\n\n\n\n<p>Ram\u00edrez estuvo pr\u00f3fugo durante casi tres a\u00f1os por su presunta participaci\u00f3n en el homicidio de dos mujeres en un bar de Federal Way, Washington, el 21 de mayo de 2023.<\/p>\n\n\n\n<p>Fue acusado formalmente de asesinato el 24 de mayo de ese a\u00f1o y se emiti\u00f3 una orden de arresto el 14 de noviembre de 2025.<\/p>\n","protected":false},"excerpt":{"rendered":"<p>Redacci\u00f3n\/Zona Roja Cdmx. (Informaci\u00f3n de \u201cLa Jornada\u201d) Ciudad de M\u00e9xico, a 13 de marzo de&hellip;<\/p>\n","protected":false},"author":2,"featured_media":91179,"comment_status":"closed","ping_status":"open","sticky":false,"template":"","format":"standard","meta":{"_lmt_disableupdate":"","_lmt_disable":"","_jetpack_memberships_contains_paid_content":false,"footnotes":""},"categories":[109,46],"tags":[4717],"class_list":["post-91178","post","type-post","status-publish","format-standard","has-post-thumbnail","hentry","category-minuto-a-minuto","category-zona-blanca","tag-samuel-ramirez-jr"],"jetpack_featured_media_url":"https:\/\/zonaroja.com.mx\/wp-content\/uploads\/2026\/03\/Samuel-Ramirez-Jr.webp","jetpack_sharing_enabled":true,"_links":{"self":[{"href":"https:\/\/zonaroja.com.mx\/index.php?rest_route=\/wp\/v2\/posts\/91178","targetHints":{"allow":["GET"]}}],"collection":[{"href":"https:\/\/zonaroja.com.mx\/index.php?rest_route=\/wp\/v2\/posts"}],"about":[{"href":"https:\/\/zonaroja.com.mx\/index.php?rest_route=\/wp\/v2\/types\/post"}],"author":[{"embeddable":true,"href":"https:\/\/zonaroja.com.mx\/index.php?rest_route=\/wp\/v2\/users\/2"}],"replies":[{"embeddable":true,"href":"https:\/\/zonaroja.com.mx\/index.php?rest_route=%2Fwp%2Fv2%2Fcomments&post=91178"}],"version-history":[{"count":1,"href":"https:\/\/zonaroja.com.mx\/index.php?rest_route=\/wp\/v2\/posts\/91178\/revisions"}],"predecessor-version":[{"id":91180,"href":"https:\/\/zonaroja.com.mx\/index.php?rest_route=\/wp\/v2\/posts\/91178\/revisions\/91180"}],"wp:featuredmedia":[{"embeddable":true,"href":"https:\/\/zonaroja.com.mx\/index.php?rest_route=\/wp\/v2\/media\/91179"}],"wp:attachment":[{"href":"https:\/\/zonaroja.com.mx\/index.php?rest_route=%2Fwp%2Fv2%2Fmedia&parent=91178"}],"wp:term":[{"taxonomy":"category","embeddable":true,"href":"https:\/\/zonaroja.com.mx\/index.php?rest_route=%2Fwp%2Fv2%2Fcategories&post=91178"},{"taxonomy":"post_tag","embeddable":true,"href":"https:\/\/zonaroja.com.mx\/index.php?rest_route=%2Fwp%2Fv2%2Ftags&post=91178"}],"curies":[{"name":"wp","href":"https:\/\/api.w.org\/{rel}","templated":true}]}}