{"id":91183,"date":"2026-03-13T12:24:00","date_gmt":"2026-03-13T18:24:00","guid":{"rendered":"https:\/\/zonaroja.com.mx\/?p=91183"},"modified":"2026-03-13T08:28:03","modified_gmt":"2026-03-13T14:28:03","slug":"coatlan-denuncia-que-presa-mujer-solteca-se-impulsa-sin-consulta-indigena","status":"publish","type":"post","link":"https:\/\/zonaroja.com.mx\/?p=91183","title":{"rendered":"Coatl\u00e1n denuncia que presa \u201cMujer Solteca\u201d se impulsa sin consulta ind\u00edgena"},"content":{"rendered":"\n<p>Redacci\u00f3n\/Estado 20.<\/p>\n\n\n\n<p>Oaxaca, Oax., a 13 de marzo de 2026.- Las autoridades del Comisariado de Bienes Comunales y Consejo de Vigilancia de San Vicente Coatl\u00e1n advirtieron que la construcci\u00f3n de la presa \u201cMujer Solteca\u201d puede provocar una confrontaci\u00f3n interna en su comunidad y con el municipio Villa Sola de Vega a causa del conflicto agrario.<\/p>\n\n\n\n<p>En un escrito dirigido a la Presidenta de la Rep\u00fablica, Claudia Sheinbaum Pardo, tambi\u00e9n denunciaron que San Vicente Coatl\u00e1n, como comunidad ind\u00edgena, no ha sido consultada sobre esta obra, no ha recibido informaci\u00f3n y por tanto, tampoco ha aprobado que se lleve a cabo esta obra que tiene el objetivo de abastecer de agua potable a la ciudad de Oaxaca y su zona metropolitana.<\/p>\n\n\n\n<p>El gobierno de la Presidenta Claudia Sheinbaum aprob\u00f3 la construcci\u00f3n de una presa, anteriormente llamada Paso Ancho, y que en el gobierno de Salom\u00f3n Jara Cruz ha sido renombrada como \u201cBicentenario\u201d, \u201cMargarita Maza\u201d y ahora \u201cMujer Solteca\u201d. La inversi\u00f3n, seg\u00fan las autoridades federales y estatales, es superior a los seis mil millones de pesos, y los trabajos se pretenden iniciar este a\u00f1o con una inversi\u00f3n de mil 800 millones de pesos.<\/p>\n\n\n\n<p>\u201cNo existe consulta al municipio, a la comunidad comunal e ind\u00edgena, no existe consulta ni un protocolo de consulta ind\u00edgena. No hay acta de asamblea donde se hayan autorizado, por parte de la autoridad comunal o la asamblea de comuneros como m\u00e1xima autoridad, la obra sobre sus tierras comunales y ancestrales\u201d.<\/p>\n\n\n\n<p>Hasta ahora, informaron, no hay difusi\u00f3n en su lengua zapoteco de la Manifestaci\u00f3n de Impacto Ambiental Regional (MIA-R) en la regi\u00f3n de San Vicente Coatl\u00e1n, ni un protocolo de consulta de consulta p\u00fablica sobre este estudio porque ninguna autoridad les ha informado.<\/p>\n\n\n\n<p>\u201cNo existe un protocolo de consulta ind\u00edgena sobre la MIA-R en la que participen los dem\u00e1s pueblos, comunidades y municipios. Al ser un proyecto que se denomina regional, se tiene que tomar en cuenta en este proceso de consulta\u201d.<\/p>\n\n\n\n<p>Las autoridades comunitarias recordaron que desde 1970 existe un conflicto agrario con la comunidad de Villa Sola de Vega, y aunque en el a\u00f1o 2001 el Tribunal Unitario Agrario 21 con sede en Oaxaca de Ju\u00e1rez emiti\u00f3 una resoluci\u00f3n sobre la propiedad de la tierra, desde el 9 de noviembre de 2019 no existen condiciones para la ejecuci\u00f3n de esta sentencia.<\/p>\n\n\n\n<p>En el a\u00f1o 2012 se registr\u00f3 un enfrentamiento entre ambas comunidades en el que perdieron la vida ocho personas, seis de ellas durante la confrontaci\u00f3n y dos cuando recib\u00edan atenci\u00f3n m\u00e9dica. En este hecho ocurrido en el paraje Paso Ancho, donde originalmente se construir\u00eda la presa, las v\u00edctimas fatales eran de San Vicente Coatl\u00e1n.<\/p>\n\n\n\n<p>Ahora, se\u00f1alaron, el gobierno federal y estatal nuevamente pretende construir la presa \u201csin valorar las condiciones de la zona y el riesgo que representa para nuestras mujeres, ni\u00f1os, adolescentes y adultos mayores; pero sobre todo, de todos los que vivimos en San Vicente Coatl\u00e1n.<\/p>\n\n\n\n<p>En el escrito, firmado por Enrique Hern\u00e1ndez Hern\u00e1ndez, presidente del Comisariado de Bienes Comunales, as\u00ed como el resto de integrantes del Comisariado y Consejo de Vigilancia, afirmaron que la comunidad de San Vicente Coatl\u00e1n tiene la apertura al di\u00e1logo en relaci\u00f3n a la construcci\u00f3n de la presa \u201cMujer Solteca\u201d.<\/p>\n\n\n\n<p>Sin embargo, se\u00f1alaron que desde el mes septiembre del a\u00f1o 2023, se ha estancado el di\u00e1logo para llegar a la soluci\u00f3n del conflicto agrario entre la comunidad de San Vicente Coatl\u00e1n, y Villa Sola de Vega.<\/p>\n\n\n\n<p>\u201cSe han presentado diferentes peticiones a titulares de Gobierno Federal, para conocer todos los elementos del Desarrollo de la Presa Margarita Maza Parada, en donde se pretende construir una presa de almacenamiento de agua, en el paraje Paso Ancho\u2026 Se ha difundido mucha informaci\u00f3n en medios de comunicaci\u00f3n y hasta este momento ninguna autoridad ha venido a comentar al Comisariado de Bienes Comunales, a la Asamblea de Comuneros, mucho menos a la Autoridad Municipal\u201d.<\/p>\n\n\n\n<p>(Informaci\u00f3n de Juan Carlos Zavala)<\/p>\n","protected":false},"excerpt":{"rendered":"<p>Redacci\u00f3n\/Estado 20. Oaxaca, Oax., a 13 de marzo de 2026.- Las autoridades del Comisariado de&hellip;<\/p>\n","protected":false},"author":2,"featured_media":91184,"comment_status":"closed","ping_status":"open","sticky":false,"template":"","format":"standard","meta":{"_lmt_disableupdate":"","_lmt_disable":"","_jetpack_memberships_contains_paid_content":false,"footnotes":""},"categories":[109],"tags":[4718,979],"class_list":["post-91183","post","type-post","status-publish","format-standard","has-post-thumbnail","hentry","category-minuto-a-minuto","tag-presa-mujer-solteca","tag-san-vicente-coatlan"],"jetpack_featured_media_url":"https:\/\/zonaroja.com.mx\/wp-content\/uploads\/2026\/03\/San-Vicente-Coatlan.jpg","jetpack_sharing_enabled":true,"_links":{"self":[{"href":"https:\/\/zonaroja.com.mx\/index.php?rest_route=\/wp\/v2\/posts\/91183","targetHints":{"allow":["GET"]}}],"collection":[{"href":"https:\/\/zonaroja.com.mx\/index.php?rest_route=\/wp\/v2\/posts"}],"about":[{"href":"https:\/\/zonaroja.com.mx\/index.php?rest_route=\/wp\/v2\/types\/post"}],"author":[{"embeddable":true,"href":"https:\/\/zonaroja.com.mx\/index.php?rest_route=\/wp\/v2\/users\/2"}],"replies":[{"embeddable":true,"href":"https:\/\/zonaroja.com.mx\/index.php?rest_route=%2Fwp%2Fv2%2Fcomments&post=91183"}],"version-history":[{"count":1,"href":"https:\/\/zonaroja.com.mx\/index.php?rest_route=\/wp\/v2\/posts\/91183\/revisions"}],"predecessor-version":[{"id":91185,"href":"https:\/\/zonaroja.com.mx\/index.php?rest_route=\/wp\/v2\/posts\/91183\/revisions\/91185"}],"wp:featuredmedia":[{"embeddable":true,"href":"https:\/\/zonaroja.com.mx\/index.php?rest_route=\/wp\/v2\/media\/91184"}],"wp:attachment":[{"href":"https:\/\/zonaroja.com.mx\/index.php?rest_route=%2Fwp%2Fv2%2Fmedia&parent=91183"}],"wp:term":[{"taxonomy":"category","embeddable":true,"href":"https:\/\/zonaroja.com.mx\/index.php?rest_route=%2Fwp%2Fv2%2Fcategories&post=91183"},{"taxonomy":"post_tag","embeddable":true,"href":"https:\/\/zonaroja.com.mx\/index.php?rest_route=%2Fwp%2Fv2%2Ftags&post=91183"}],"curies":[{"name":"wp","href":"https:\/\/api.w.org\/{rel}","templated":true}]}}