{"id":91186,"date":"2026-03-13T10:32:00","date_gmt":"2026-03-13T16:32:00","guid":{"rendered":"https:\/\/zonaroja.com.mx\/?p=91186"},"modified":"2026-03-13T08:40:53","modified_gmt":"2026-03-13T14:40:53","slug":"asesinan-a-lideresa-del-pri-en-ometepec-guerrero","status":"publish","type":"post","link":"https:\/\/zonaroja.com.mx\/?p=91186","title":{"rendered":"Asesinan a lideresa del PRI en Ometepec, Guerrero"},"content":{"rendered":"\n<p>Redacci\u00f3n\/Zona Roja.<\/p>\n\n\n\n<p>(Informaci\u00f3n de EFE en \u201cEl Financiero\u201d)<\/p>\n\n\n\n<p>Ciudad de M\u00e9xico, a 13 marzo de 2026.- La lideresa del Partido Revolucionario Institucional (PRI) en la regi\u00f3n de la Costa Chica de Guerrero, Claudia Ivett Rodr\u00edguez, muri\u00f3 tras un ataque armado, confirmaron este jueves el coordinador del partido en el Senado, Manuel A\u00f1orve, y el comit\u00e9 de direcci\u00f3n estatal del PRI.<\/p>\n\n\n\n<p>A trav\u00e9s de sus redes sociales, el pol\u00edtico conden\u00f3 el \u201ccobarde asesinato\u201d de su compa\u00f1era y expres\u00f3 su solidaridad con su familia y allegados tras el tr\u00e1gico suceso.<\/p>\n\n\n\n<p>\u201cExigimos a las autoridades una investigaci\u00f3n a fondo y resultados inmediatos. Este crimen no puede quedar impune. \u00a1Exigimos justicia!\u201d, dijo en una publicaci\u00f3n en X en la que tambi\u00e9n expres\u00f3 su respaldo a Alejandro Bravo Abarca como dirigente del PRI en Guerrero.<\/p>\n\n\n\n<p>La lideresa local del PRI en el municipio de Ometepec, quien tambi\u00e9n fue comisaria en la comunidad de Milpillas, fue asesinada en un ataque armado la noche del mi\u00e9rcoles 11 de marzo, mientras se encontraba trabajando en su tienda de barrio, seg\u00fan informaron medios locales.<\/p>\n\n\n\n<p>De acuerdo a los primeros reportes, varios individuos llegaron al establecimiento y dispararon contra la pol\u00edtica antes de huir del lugar.<\/p>\n\n\n\n<p>Por el momento, las autoridades no se han pronunciado sobre este asesinato, si bien funcionarios de la Fiscal\u00eda estatal acudieron al lugar del crimen para efectuar el levantamiento de cad\u00e1ver e iniciar la investigaci\u00f3n.<\/p>\n\n\n\n<p>Tampoco ha trascendido la identidad de los autores ni el m\u00f3vil del crimen.<\/p>\n\n\n\n<p>Guerrero es uno de los estados m\u00e1s violentos de M\u00e9xico y concentra un elevado n\u00famero de homicidios, en un contexto en el que el Gobierno Federal asegura que los asesinatos han ca\u00eddo un 44 por ciento en los primeros 17 meses de la presidencia de Claudia Sheinbaum.<\/p>\n\n\n\n<p>El Organismo Nacional de Mujeres Priistas (ONMPRI) conden\u00f3 el asesinato de la pol\u00edtica y exigi\u00f3 justicia y una investigaci\u00f3n a fondo por parte de las autoridades del estado.<\/p>\n","protected":false},"excerpt":{"rendered":"<p>Redacci\u00f3n\/Zona Roja. (Informaci\u00f3n de EFE en \u201cEl Financiero\u201d) Ciudad de M\u00e9xico, a 13 marzo de&hellip;<\/p>\n","protected":false},"author":2,"featured_media":91187,"comment_status":"closed","ping_status":"open","sticky":false,"template":"","format":"standard","meta":{"_lmt_disableupdate":"","_lmt_disable":"","_jetpack_memberships_contains_paid_content":false,"footnotes":""},"categories":[109,47],"tags":[4719],"class_list":["post-91186","post","type-post","status-publish","format-standard","has-post-thumbnail","hentry","category-minuto-a-minuto","category-zona-gris","tag-claudia-ivett-rodriguez"],"jetpack_featured_media_url":"https:\/\/zonaroja.com.mx\/wp-content\/uploads\/2026\/03\/Claudia-Ivett-Rodriguez-PRI-Guerrero.jpeg.jpg","jetpack_sharing_enabled":true,"_links":{"self":[{"href":"https:\/\/zonaroja.com.mx\/index.php?rest_route=\/wp\/v2\/posts\/91186","targetHints":{"allow":["GET"]}}],"collection":[{"href":"https:\/\/zonaroja.com.mx\/index.php?rest_route=\/wp\/v2\/posts"}],"about":[{"href":"https:\/\/zonaroja.com.mx\/index.php?rest_route=\/wp\/v2\/types\/post"}],"author":[{"embeddable":true,"href":"https:\/\/zonaroja.com.mx\/index.php?rest_route=\/wp\/v2\/users\/2"}],"replies":[{"embeddable":true,"href":"https:\/\/zonaroja.com.mx\/index.php?rest_route=%2Fwp%2Fv2%2Fcomments&post=91186"}],"version-history":[{"count":1,"href":"https:\/\/zonaroja.com.mx\/index.php?rest_route=\/wp\/v2\/posts\/91186\/revisions"}],"predecessor-version":[{"id":91188,"href":"https:\/\/zonaroja.com.mx\/index.php?rest_route=\/wp\/v2\/posts\/91186\/revisions\/91188"}],"wp:featuredmedia":[{"embeddable":true,"href":"https:\/\/zonaroja.com.mx\/index.php?rest_route=\/wp\/v2\/media\/91187"}],"wp:attachment":[{"href":"https:\/\/zonaroja.com.mx\/index.php?rest_route=%2Fwp%2Fv2%2Fmedia&parent=91186"}],"wp:term":[{"taxonomy":"category","embeddable":true,"href":"https:\/\/zonaroja.com.mx\/index.php?rest_route=%2Fwp%2Fv2%2Fcategories&post=91186"},{"taxonomy":"post_tag","embeddable":true,"href":"https:\/\/zonaroja.com.mx\/index.php?rest_route=%2Fwp%2Fv2%2Ftags&post=91186"}],"curies":[{"name":"wp","href":"https:\/\/api.w.org\/{rel}","templated":true}]}}