{"id":91190,"date":"2026-03-13T18:32:17","date_gmt":"2026-03-14T00:32:17","guid":{"rendered":"https:\/\/zonaroja.com.mx\/?p=91190"},"modified":"2026-03-13T18:32:20","modified_gmt":"2026-03-14T00:32:20","slug":"arzobispo-de-antequera-recrimino-la-violencia-en-contra-de-las-mujeres-pide-paz","status":"publish","type":"post","link":"https:\/\/zonaroja.com.mx\/?p=91190","title":{"rendered":"Arzobispo de Antequera recrimin\u00f3 la violencia en contra de las mujeres; pide paz\u00a0"},"content":{"rendered":"\n<p>Lisbeth Mej\u00eda Reyes\/Zona Roja.<\/p>\n\n\n\n<p>Oaxaca, Oax., a 13 de marzo de 2026.- \u201cLa mujer siente la sed de ser respetada y valorada y nosotros, los hombres, seguimos pisoteando la dignidad y la grandeza de la mujer, la seguimos pisoteando\u00bb.&nbsp;<\/p>\n\n\n\n<p>Durante el Viernes de Samaritana, una tradici\u00f3n cat\u00f3lica de Oaxaca, el arzobispo de Antequera, Pedro V\u00e1zquez Villalobos, conden\u00f3 la violencia en contra de las mujeres y llam\u00f3 a sus cong\u00e9neres a respetarlas y amarlas siguiendo el ejemplo de Jes\u00fas.<\/p>\n\n\n\n<p>Posteriormente, en entrevista colectiva, V\u00e1zquez Villalobos tambi\u00e9n se pronunci\u00f3 en contra de la violencia del crimen organizado en M\u00e9xico y las guerras en el mundo.&nbsp;<\/p>\n\n\n\n<p>El prelado llam\u00f3 a la sociedad y a los gobiernos a procurar la paz y la protecci\u00f3n, aunque reconoci\u00f3 que las autoridades mexicanas tambi\u00e9n han sido rebasadas por la violencia.&nbsp;<\/p>\n\n\n\n<p>En un estado en el que son al menos 305 las mujeres v\u00edctimas de feminicidios y de homicidios dolosos en la actual administraci\u00f3n, el representante de la iglesia cat\u00f3lica critic\u00f3 el actuar de los hombres al tratar a las mujeres como si fueran sus propiedades.&nbsp;<\/p>\n\n\n\n<p>\u00abNo somos los due\u00f1os, porque el \u00fanico due\u00f1o es Dios y t\u00fa y yo no somos Dios, somos creaturas de Dios, somos hijos de Dios\u00bb, explic\u00f3 monse\u00f1or.<\/p>\n\n\n\n<p>Tras la escenificaci\u00f3n del pasaje b\u00edblico en el que Jes\u00fas se encuentra con la mujer de Samaria, a quien le pide agua, V\u00e1zquez Villalobos cuestion\u00f3 a la multitud reunida en torno al templo de la Preciosa Sangre de Cristo, en el centro de la capital oaxaque\u00f1a.<\/p>\n\n\n\n<p>\u00ab\u00bfPor qu\u00e9 tanto desprecio a la mujer? \u00bfPor qu\u00e9 tanta humillaci\u00f3n? \u00bfpor qu\u00e9 abusamos de ellas? \u00bfPor qu\u00e9 no las miramos con ternura, con comprensi\u00f3n y con respeto? \u00bfDe d\u00f3nde salimos t\u00fa y yo, de d\u00f3nde salimos a habitar este mundo? Del vientre de una mujer, que para nosotros es lo m\u00e1s grande porque es nuestra madre. Frente a ti tal vez est\u00e9 otra madre, que ya es madre o que va a ser madre alg\u00fan d\u00eda\u00bb, dijo.<\/p>\n\n\n\n<p>El Arzobispo pregunt\u00f3: \u00ab\u00bfPor qu\u00e9 no respetarla? \u00bfPor qu\u00e9 exigimos que sean respetados y respetadas las familias nuestras y por qu\u00e9 a veces se nos hace f\u00e1cil decir palabras que averg\u00fcenzan, que asustan, que dan miedo a la mujer cuando va por la calle? \u00bfPor qu\u00e9 se siente tan insegura la mujer cuando ve a un hombre? \u00bfPor qu\u00e9 les causamos tanto miedo? \u00bfPor qu\u00e9?\u00bb.<\/p>\n\n\n\n<p>En su mensaje, monse\u00f1or respondi\u00f3 que es \u00abporque tal vez no las hemos amado y respetado como ellas quieren ser amadas y respetadas\u00bb.<\/p>\n\n\n\n<p>Frente a las mujeres reunidas en la celebraci\u00f3n del cuarto viernes de Cuaresma, que en Oaxaca es tambi\u00e9n el Viernes de Samaritana, el arzobispo de Antequera reiter\u00f3 el llamado para respetar a las mujeres y aprender de Jes\u00fas y del evangelio sobre c\u00f3mo respetarlas.<\/p>\n\n\n\n<p>Como la sed de las mujeres por sus derechos, monse\u00f1or se refiri\u00f3 este d\u00eda a la sed de amor, \u00a0de comprensi\u00f3n, de misericordia, de paciencia, de escucha y de di\u00e1logo que hay en el mundo y por las cuales pidi\u00f3 a todos ser la fuente para saciar esa sed.<\/p>\n\n\n\n<figure class=\"wp-block-embed is-type-rich is-provider-twitter wp-block-embed-twitter\"><div class=\"wp-block-embed__wrapper\">\n<div class=\"twitter-tweet\"><blockquote class=\"twitter-tweet\" data-lang=\"es\"><p lang=\"es\" dir=\"ltr\">En su mensaje en la capital previo a la bendici\u00f3n de las aguas frescas con motivo de la Samaritana, el Arzobispo de Antequera Oaxaca, Pedro V\u00e1zquez Villalobos, recrimin\u00f3 la violencia en contra de la mujer. <br>\u201cNuestro mundo sigue teniendo sed; con nosotros viven personas\u2026 <a href=\"https:\/\/t.co\/7k6Fugzq4B\">pic.twitter.com\/7k6Fugzq4B<\/a><\/p>&mdash; Zona Roja Oaxaca (@ZonaRoja_Oaxaca) <a href=\"https:\/\/twitter.com\/ZonaRoja_Oaxaca\/status\/2032542000197804519?ref_src=twsrc%5Etfw\">13 de marzo de 2026<\/a><\/blockquote><\/div>\n<\/div><\/figure>\n","protected":false},"excerpt":{"rendered":"<p>Lisbeth Mej\u00eda Reyes\/Zona Roja. Oaxaca, Oax., a 13 de marzo de 2026.- \u201cLa mujer siente&hellip;<\/p>\n","protected":false},"author":2,"featured_media":91191,"comment_status":"closed","ping_status":"open","sticky":false,"template":"","format":"standard","meta":{"_lmt_disableupdate":"","_lmt_disable":"","_jetpack_memberships_contains_paid_content":false,"footnotes":""},"categories":[109,46],"tags":[2219],"class_list":["post-91190","post","type-post","status-publish","format-standard","has-post-thumbnail","hentry","category-minuto-a-minuto","category-zona-blanca","tag-arzobispo-pedro-vazquez-villalobos"],"jetpack_featured_media_url":"https:\/\/zonaroja.com.mx\/wp-content\/uploads\/2026\/03\/Arzobispo-Pedro-Vazquez-Villalobos.jpg","jetpack_sharing_enabled":true,"_links":{"self":[{"href":"https:\/\/zonaroja.com.mx\/index.php?rest_route=\/wp\/v2\/posts\/91190","targetHints":{"allow":["GET"]}}],"collection":[{"href":"https:\/\/zonaroja.com.mx\/index.php?rest_route=\/wp\/v2\/posts"}],"about":[{"href":"https:\/\/zonaroja.com.mx\/index.php?rest_route=\/wp\/v2\/types\/post"}],"author":[{"embeddable":true,"href":"https:\/\/zonaroja.com.mx\/index.php?rest_route=\/wp\/v2\/users\/2"}],"replies":[{"embeddable":true,"href":"https:\/\/zonaroja.com.mx\/index.php?rest_route=%2Fwp%2Fv2%2Fcomments&post=91190"}],"version-history":[{"count":1,"href":"https:\/\/zonaroja.com.mx\/index.php?rest_route=\/wp\/v2\/posts\/91190\/revisions"}],"predecessor-version":[{"id":91192,"href":"https:\/\/zonaroja.com.mx\/index.php?rest_route=\/wp\/v2\/posts\/91190\/revisions\/91192"}],"wp:featuredmedia":[{"embeddable":true,"href":"https:\/\/zonaroja.com.mx\/index.php?rest_route=\/wp\/v2\/media\/91191"}],"wp:attachment":[{"href":"https:\/\/zonaroja.com.mx\/index.php?rest_route=%2Fwp%2Fv2%2Fmedia&parent=91190"}],"wp:term":[{"taxonomy":"category","embeddable":true,"href":"https:\/\/zonaroja.com.mx\/index.php?rest_route=%2Fwp%2Fv2%2Fcategories&post=91190"},{"taxonomy":"post_tag","embeddable":true,"href":"https:\/\/zonaroja.com.mx\/index.php?rest_route=%2Fwp%2Fv2%2Ftags&post=91190"}],"curies":[{"name":"wp","href":"https:\/\/api.w.org\/{rel}","templated":true}]}}