{"id":91193,"date":"2026-03-13T18:39:21","date_gmt":"2026-03-14T00:39:21","guid":{"rendered":"https:\/\/zonaroja.com.mx\/?p=91193"},"modified":"2026-03-13T18:39:25","modified_gmt":"2026-03-14T00:39:25","slug":"desmantelan-grupo-armado-en-limites-de-oaxaca-y-veracruz-detiene-a-dos-personas","status":"publish","type":"post","link":"https:\/\/zonaroja.com.mx\/?p=91193","title":{"rendered":"Desmantelan grupo armado en l\u00edmites de Oaxaca y Veracruz; detiene a dos personas"},"content":{"rendered":"\n<p>Redacci\u00f3n\/Zona Roja.<\/p>\n\n\n\n<p>Oaxaca, Oax., 13 de marzo de 2026.- En operativo conjunto en la regi\u00f3n de la Cuenca, las fiscal\u00edas de Oaxaca y Veracruz desarticularon una c\u00e9lula delictiva en la zona lim\u00edtrofe de ambos estados y hallaron un arsenal y vestimenta tipo militar, as\u00ed como droga.<\/p>\n\n\n\n<p>En un comunicado, la Fiscal\u00eda General del Estado de Oaxaca dio a conocer que el despliegue t\u00e1ctico se realiz\u00f3 en jurisdicci\u00f3n de Tezonapa, Veracruz y en el municipio de Cosolapa, Oaxaca.&nbsp;<\/p>\n\n\n\n<p>En esta zona fue localizado un centro de operaciones de la c\u00e9lula delictiva en menci\u00f3n, la cual est\u00e1 ligada al grupo criminal de \u201cEl Tigre\u201d, que opera principalmente del lado de Veracruz.<\/p>\n\n\n\n<p>Como resultado de dicho operativo, se logr\u00f3 la detenci\u00f3n de Ulises Cervantes, de 27 a\u00f1os y de Ramiro Rodr\u00edguez, de 38 a\u00f1os, quienes quedaron a disposici\u00f3n de la Fiscal\u00eda de Oaxaca para determinar su situaci\u00f3n jur\u00eddica.&nbsp;<\/p>\n\n\n\n<p>Adem\u00e1s, fueron aseguradas armas de fuego y r\u00e9plicas; uniformes de las Fuerzas Armadas y equipo t\u00e1ctico que era usado para usurpar funciones oficiales para la comisi\u00f3n de actividades il\u00edcitas; asimismo, credenciales, decenas de dosis de drogas, as\u00ed como veh\u00edculos de diferentes tipos.<\/p>\n\n\n\n<p>Como parte del trabajo de inteligencia criminal se identific\u00f3 que esta c\u00e9lula delictiva estar\u00eda relacionada con bloqueos ilegales con quema de veh\u00edculos en caminos y carreteras, principalmente en el estado de Veracruz.<\/p>\n\n\n\n<p>En el operativo participaron las fiscal\u00edas de los estados de Oaxaca y Veracruz, as\u00ed como las ecretar\u00edas de Seguridad P\u00fablica de ambas entidades, Secretar\u00eda de la Defensa Nacional, Secretar\u00eda de Marina y Guardia Nacional.<\/p>\n","protected":false},"excerpt":{"rendered":"<p>Redacci\u00f3n\/Zona Roja. Oaxaca, Oax., 13 de marzo de 2026.- En operativo conjunto en la regi\u00f3n&hellip;<\/p>\n","protected":false},"author":2,"featured_media":91189,"comment_status":"closed","ping_status":"open","sticky":false,"template":"","format":"standard","meta":{"_lmt_disableupdate":"","_lmt_disable":"","_jetpack_memberships_contains_paid_content":false,"footnotes":""},"categories":[109,46],"tags":[494],"class_list":["post-91193","post","type-post","status-publish","format-standard","has-post-thumbnail","hentry","category-minuto-a-minuto","category-zona-blanca","tag-fiscalia-general-del-estado-de-oaxaca"],"jetpack_featured_media_url":"https:\/\/zonaroja.com.mx\/wp-content\/uploads\/2026\/03\/Detenidos-operativo-Fiscalia-en-Cuenca-Veracruz-Cosolapa.jpg","jetpack_sharing_enabled":true,"_links":{"self":[{"href":"https:\/\/zonaroja.com.mx\/index.php?rest_route=\/wp\/v2\/posts\/91193","targetHints":{"allow":["GET"]}}],"collection":[{"href":"https:\/\/zonaroja.com.mx\/index.php?rest_route=\/wp\/v2\/posts"}],"about":[{"href":"https:\/\/zonaroja.com.mx\/index.php?rest_route=\/wp\/v2\/types\/post"}],"author":[{"embeddable":true,"href":"https:\/\/zonaroja.com.mx\/index.php?rest_route=\/wp\/v2\/users\/2"}],"replies":[{"embeddable":true,"href":"https:\/\/zonaroja.com.mx\/index.php?rest_route=%2Fwp%2Fv2%2Fcomments&post=91193"}],"version-history":[{"count":1,"href":"https:\/\/zonaroja.com.mx\/index.php?rest_route=\/wp\/v2\/posts\/91193\/revisions"}],"predecessor-version":[{"id":91194,"href":"https:\/\/zonaroja.com.mx\/index.php?rest_route=\/wp\/v2\/posts\/91193\/revisions\/91194"}],"wp:featuredmedia":[{"embeddable":true,"href":"https:\/\/zonaroja.com.mx\/index.php?rest_route=\/wp\/v2\/media\/91189"}],"wp:attachment":[{"href":"https:\/\/zonaroja.com.mx\/index.php?rest_route=%2Fwp%2Fv2%2Fmedia&parent=91193"}],"wp:term":[{"taxonomy":"category","embeddable":true,"href":"https:\/\/zonaroja.com.mx\/index.php?rest_route=%2Fwp%2Fv2%2Fcategories&post=91193"},{"taxonomy":"post_tag","embeddable":true,"href":"https:\/\/zonaroja.com.mx\/index.php?rest_route=%2Fwp%2Fv2%2Ftags&post=91193"}],"curies":[{"name":"wp","href":"https:\/\/api.w.org\/{rel}","templated":true}]}}