{"id":91195,"date":"2026-03-13T21:30:37","date_gmt":"2026-03-14T03:30:37","guid":{"rendered":"https:\/\/zonaroja.com.mx\/?p=91195"},"modified":"2026-03-13T21:30:39","modified_gmt":"2026-03-14T03:30:39","slug":"matan-a-balazos-a-seis-personas-en-las-ultimas-horas-en-oaxaca","status":"publish","type":"post","link":"https:\/\/zonaroja.com.mx\/?p=91195","title":{"rendered":"Matan a balazos a seis personas en las \u00faltimas horas en Oaxaca"},"content":{"rendered":"\n<p>Raymundo Morales\/Zona Roja.<\/p>\n\n\n\n<p>Oaxaca, Oax., a 13 de marzo de 2026.- Al menos seis personas fueron asesinadas a balazos este viernes en Oaxaca, en hechos distintos ocurridos en las regiones Mixteca, Costa y Sierra Sur.<\/p>\n\n\n\n<p>Ayer por la tarde, sujetos armados dispararon y privaron de la vida a cuatro personas, en la calle Porfirio D\u00edaz de San Mateo Nej\u00e1pam, municipio del distrito de Silacayo\u00e1pam, en la regi\u00f3n Mixteca.<\/p>\n\n\n\n<p>Las v\u00edctimas fueron identificadas como los hermanos C. G. C., de 47 a\u00f1os de edad, y F. G. C., de 44 a\u00f1os, as\u00ed como B. M. G., de 26 a\u00f1os de edad y A. P. Z.; este \u00faltimo perdi\u00f3 la vida anoche en un hospital.<\/p>\n\n\n\n<p>Los agresores lograron darse a la fuga a bordo de un veh\u00edculo, con rumbo al estado vecino de Guerrero; hasta el momento no hay personas detenidas.<\/p>\n\n\n\n<p>Mientras tanto, en la sede de la Guardia Nacional ubicada en la zona militar de Miahuatl\u00e1n de Porfirio D\u00edaz, un elemento muri\u00f3 de manera accidental a causa de disparos por arma de fuego.<\/p>\n\n\n\n<p>Durante un adiestramiento, el instrumento recibi\u00f3 los impactos de bala por parte de un elemento, por lo cual fue trasladado a un hospital, donde muri\u00f3; hasta el momento la corporaci\u00f3n federal ha guardado hermetismo al respecto.<\/p>\n\n\n\n<p>Mientras que esta ma\u00f1ana un individuo fue ejecutado a balazos en el centro del municipio de San Gabriel Mixtepec, de la regi\u00f3n Costa.<\/p>\n\n\n\n<p>Hasta el momento la v\u00edctima no ha sido identificada y tampoco se conoce el m\u00f3vil del crimen. Los casos son investigados por personal de la Fiscal\u00eda General del Estado de Oaxaca.<\/p>\n","protected":false},"excerpt":{"rendered":"<p>Raymundo Morales\/Zona Roja. Oaxaca, Oax., a 13 de marzo de 2026.- Al menos seis personas&hellip;<\/p>\n","protected":false},"author":2,"featured_media":91125,"comment_status":"closed","ping_status":"open","sticky":false,"template":"","format":"standard","meta":{"_lmt_disableupdate":"","_lmt_disable":"","_jetpack_memberships_contains_paid_content":false,"footnotes":""},"categories":[109,51],"tags":[4576,2930],"class_list":["post-91195","post","type-post","status-publish","format-standard","has-post-thumbnail","hentry","category-minuto-a-minuto","category-zona-roja","tag-asesinado-en-miahuatlan","tag-san-mateo-nejapam"],"jetpack_featured_media_url":"https:\/\/zonaroja.com.mx\/wp-content\/uploads\/2026\/03\/Escena-del-crimen.png.jpeg","jetpack_sharing_enabled":true,"_links":{"self":[{"href":"https:\/\/zonaroja.com.mx\/index.php?rest_route=\/wp\/v2\/posts\/91195","targetHints":{"allow":["GET"]}}],"collection":[{"href":"https:\/\/zonaroja.com.mx\/index.php?rest_route=\/wp\/v2\/posts"}],"about":[{"href":"https:\/\/zonaroja.com.mx\/index.php?rest_route=\/wp\/v2\/types\/post"}],"author":[{"embeddable":true,"href":"https:\/\/zonaroja.com.mx\/index.php?rest_route=\/wp\/v2\/users\/2"}],"replies":[{"embeddable":true,"href":"https:\/\/zonaroja.com.mx\/index.php?rest_route=%2Fwp%2Fv2%2Fcomments&post=91195"}],"version-history":[{"count":1,"href":"https:\/\/zonaroja.com.mx\/index.php?rest_route=\/wp\/v2\/posts\/91195\/revisions"}],"predecessor-version":[{"id":91196,"href":"https:\/\/zonaroja.com.mx\/index.php?rest_route=\/wp\/v2\/posts\/91195\/revisions\/91196"}],"wp:featuredmedia":[{"embeddable":true,"href":"https:\/\/zonaroja.com.mx\/index.php?rest_route=\/wp\/v2\/media\/91125"}],"wp:attachment":[{"href":"https:\/\/zonaroja.com.mx\/index.php?rest_route=%2Fwp%2Fv2%2Fmedia&parent=91195"}],"wp:term":[{"taxonomy":"category","embeddable":true,"href":"https:\/\/zonaroja.com.mx\/index.php?rest_route=%2Fwp%2Fv2%2Fcategories&post=91195"},{"taxonomy":"post_tag","embeddable":true,"href":"https:\/\/zonaroja.com.mx\/index.php?rest_route=%2Fwp%2Fv2%2Ftags&post=91195"}],"curies":[{"name":"wp","href":"https:\/\/api.w.org\/{rel}","templated":true}]}}