{"id":9120,"date":"2020-02-24T08:54:39","date_gmt":"2020-02-24T14:54:39","guid":{"rendered":"http:\/\/www.zonaroja.com.mx\/?p=9120"},"modified":"2020-02-24T08:54:42","modified_gmt":"2020-02-24T14:54:42","slug":"ante-desatencion-de-titular-de-sso-para-labores-en-clinicas-y-hospitales-de-valles","status":"publish","type":"post","link":"https:\/\/zonaroja.com.mx\/?p=9120","title":{"rendered":"Ante desatenci\u00f3n de titular de SSO, para labores en cl\u00ednicas y hospitales de Valles"},"content":{"rendered":"\n<p>Evlin\nArag\u00f3n\/Zona Roja.<\/p>\n\n\n\n<p>Oaxaca de\nJu\u00e1rez, Oax., 24 de febrero de 2020.- Personal adherido a la Secci\u00f3n 35 del\nSindicato Nacional de Trabajadores de la Secretaria de Salud, par\u00f3 labores este\nlunes en cl\u00ednicas, oficinas y hospitales, para respaldar la exigencia de\nremoci\u00f3n de Mariela Pe\u00f1a Bur\u00f3n de la direcci\u00f3n de Regulaci\u00f3n Sanitaria;\n\u00fanicamente se dar\u00e1 atenci\u00f3n en el \u00e1rea de urgencias a la poblaci\u00f3n que as\u00ed lo\nrequiera.<\/p>\n\n\n\n<p>Lo anterior\nluego de que la semana pasada, realizaran una protesta que no fue tomada en\ncuenta por las autoridades de los Servicios de Salud, encabezadas por Donato\nCasas Escamilla, quien denunciaron que se ha mostrado insensible ante el\nreclamo de la base trabajadora y prefiere mantener a la funcionaria antes\ncitada.<\/p>\n\n\n\n<p>A trav\u00e9s de\nuna convocatoria respaldada por el Comit\u00e9 Ejecutivo del SNTSA, se declar\u00f3 la\nasamblea permanente de las y los trabajadores adscritos a Valles Centrales,\nquienes se mantendr\u00e1n en brazos ca\u00eddos, brindando \u00fanicamente el servicio de\nurgencias&nbsp; en los centros de salud y\nhospitales de la regi\u00f3n.<\/p>\n\n\n\n<p>\u201cA partir de\neste lunes, en punto de las 07:00 horas iniciaremos asamblea permanente en\nunidades administrativas permaneciendo en la modalidad de brazos ca\u00eddos y en\nunidades m\u00e9dicas \u00fanicamente se otorgar\u00e1 atenci\u00f3n de urgencias\u201d, se\u00f1ala el\ncomunicado emitido.<\/p>\n\n\n\n<p>El documento\npone de manifiesto que informar\u00e1n a la poblaci\u00f3n que la protesta se debe a la\ninsensibilidad del titular de los SSO, Donato Casas Escamilla, a quien le\nadvierten que radicalizar\u00e1n sus acciones en caso de no atender la principal\ndemanda de la base trabajadora.<\/p>\n\n\n\n<p>Recordaron\nque la mala actitud de la funcionaria ha sido el principal motivo para exigir\nsu remoci\u00f3n, toda vez que ha violentado los derechos sindicales de la base\ntrabajadora.<\/p>\n\n\n\n<p>El pasado\njueves 20 de febrero personal de la Delegaci\u00f3n de Fomento y Regulaci\u00f3n\nSanitaria de la Secci\u00f3n 35 del Sindicato Nacional de Trabajadores de la Salud (SNTSA),\nadscrito a los Servicios de Salud de Oaxaca tomaron las instalaciones de la\ndependencia ubicadas en el Centro Hist\u00f3rico para exigir la salida de Pe\u00f1a\nBur\u00f3n.<\/p>\n\n\n\n<p>Ah\u00ed el\ndelegado sindical, Juan Cruz R\u00edos, explic\u00f3 que la problem\u00e1tica lleva meses, por\nlo que en reiteradas ocasiones han solicitado el cambio de la funcionaria,\nraz\u00f3n por la que han decidido movilizarse con el respaldo de la dirigencia\nsindical.<\/p>\n\n\n\n<p>El 30 de\nenero pasado ya se hab\u00eda registrado una movilizaci\u00f3n similar en la dependencia\ndebido al trato d\u00e9spota y abuso de autoridad&nbsp;\ndel que acusaron a la funcionaria, por lo que incluso existe un\nantecedente de compromiso de las autoridades estatales de resolver la petici\u00f3n;\nsin embargo esto no se hizo efectivo.<\/p>\n","protected":false},"excerpt":{"rendered":"<p>Evlin Arag\u00f3n\/Zona Roja. Oaxaca de Ju\u00e1rez, Oax., 24 de febrero de 2020.- Personal adherido a&hellip;<\/p>\n","protected":false},"author":2,"featured_media":9121,"comment_status":"closed","ping_status":"open","sticky":false,"template":"","format":"standard","meta":{"_lmt_disableupdate":"","_lmt_disable":"","_jetpack_memberships_contains_paid_content":false,"footnotes":""},"categories":[109,47],"tags":[1417],"class_list":["post-9120","post","type-post","status-publish","format-standard","has-post-thumbnail","hentry","category-minuto-a-minuto","category-zona-gris","tag-paro-regulacion-sanitaria-servicios-de-salud-de-oaxaca"],"jetpack_featured_media_url":"https:\/\/zonaroja.com.mx\/wp-content\/uploads\/2020\/02\/PHOTO-2020-02-24-08-41-22.jpg","jetpack_sharing_enabled":true,"_links":{"self":[{"href":"https:\/\/zonaroja.com.mx\/index.php?rest_route=\/wp\/v2\/posts\/9120","targetHints":{"allow":["GET"]}}],"collection":[{"href":"https:\/\/zonaroja.com.mx\/index.php?rest_route=\/wp\/v2\/posts"}],"about":[{"href":"https:\/\/zonaroja.com.mx\/index.php?rest_route=\/wp\/v2\/types\/post"}],"author":[{"embeddable":true,"href":"https:\/\/zonaroja.com.mx\/index.php?rest_route=\/wp\/v2\/users\/2"}],"replies":[{"embeddable":true,"href":"https:\/\/zonaroja.com.mx\/index.php?rest_route=%2Fwp%2Fv2%2Fcomments&post=9120"}],"version-history":[{"count":1,"href":"https:\/\/zonaroja.com.mx\/index.php?rest_route=\/wp\/v2\/posts\/9120\/revisions"}],"predecessor-version":[{"id":9122,"href":"https:\/\/zonaroja.com.mx\/index.php?rest_route=\/wp\/v2\/posts\/9120\/revisions\/9122"}],"wp:featuredmedia":[{"embeddable":true,"href":"https:\/\/zonaroja.com.mx\/index.php?rest_route=\/wp\/v2\/media\/9121"}],"wp:attachment":[{"href":"https:\/\/zonaroja.com.mx\/index.php?rest_route=%2Fwp%2Fv2%2Fmedia&parent=9120"}],"wp:term":[{"taxonomy":"category","embeddable":true,"href":"https:\/\/zonaroja.com.mx\/index.php?rest_route=%2Fwp%2Fv2%2Fcategories&post=9120"},{"taxonomy":"post_tag","embeddable":true,"href":"https:\/\/zonaroja.com.mx\/index.php?rest_route=%2Fwp%2Fv2%2Ftags&post=9120"}],"curies":[{"name":"wp","href":"https:\/\/api.w.org\/{rel}","templated":true}]}}