{"id":91203,"date":"2026-03-14T08:45:00","date_gmt":"2026-03-14T14:45:00","guid":{"rendered":"https:\/\/zonaroja.com.mx\/?p=91203"},"modified":"2026-03-14T07:19:16","modified_gmt":"2026-03-14T13:19:16","slug":"rechazan-diputados-oaxaquenos-presupuesto-excesivo-y-sueldos-alto","status":"publish","type":"post","link":"https:\/\/zonaroja.com.mx\/?p=91203","title":{"rendered":"Rechazan diputados oaxaque\u00f1os presupuesto excesivo y sueldos alto"},"content":{"rendered":"\n<p>Ismael Garc\u00eda M.\/Zona Roja.<\/p>\n\n\n\n<p>Oaxaca, Oax., a 14 de marzo de 2026.- Acompa\u00f1ada de legisladores del Verde Ecologista y de Morena, la presidenta de la Junta de Coordinaci\u00f3n Pol\u00edtica del Congreso de Oaxaca, Tania Caballero Navarro, reitero el respaldo al Plan B electoral de la Presidenta Claudia Sheinbaum.<\/p>\n\n\n\n<p>Asimismo, rechaz\u00f3 que en la LXVI Legislatura haya un presupuesto excesivo y un reparto de 11 millones de pesos por cada diputado al a\u00f1o; dijo que hay disposici\u00f3n para revisar el recurso que recibe el Legislativo.<\/p>\n\n\n\n<p>\u201cReiteramos que nuestro respaldo a la propuesta de la Presidenta Claudia Sheinbaum es firme e incondicional. Si otras fuerzas pol\u00edticas deciden tomar un rumbo distinto al de la transformaci\u00f3n, ser\u00e1 su responsabilidad frente al pueblo.<\/p>\n\n\n\n<p>\u201cPor nuestra parte, estaremos atentos a los planteamientos que se definan para los Congresos locales, con la convicci\u00f3n de impulsar desde Oaxaca los cambios que el pa\u00eds necesita\u201d, dijo en conferencia de prensa de este viernes.<\/p>\n\n\n\n<p>Sobre el rechazo en la C\u00e1mara de Diputados federal a la reforma electoral que plante\u00f3 la Presidenta, Caballero Navarro puntualiz\u00f3:&nbsp;<\/p>\n\n\n\n<p>\u201cCuando se han planteado cambios de fondo que afectan intereses arraigados es cuando realmente se rebelan las prioridades de cada fuerza pol\u00edtica. En ese momento prevalecieron decisiones de c\u00fapulas partidistas y la defensa de intereses propios por encima de una reforma que buscaba ser m\u00e1s justa y m\u00e1s eficiente en nuestro sistema democr\u00e1tico.<\/p>\n\n\n\n<p>Lament\u00f3 que fuerzas pol\u00edticas (como el PT y el PVEM a nivel nacional) con las que durante a\u00f1os se construy\u00f3 una alianza progresista, orientada a impulsar causas sociales y a defender los principios de la transformaci\u00f3n, tomen una ruta distinta.&nbsp;<\/p>\n\n\n\n<p>\u201cCuando lleg\u00f3 el momento de respaldar una reforma orientada a reducir privilegios de la clase pol\u00edtica y avanzar hacia instituciones m\u00e1s austeras, algunos optaron por votar en contra\u201d, expuso.&nbsp;<\/p>\n\n\n\n<p>Sobre el Plan B en materia electoral, que se prev\u00e9 presentar la pr\u00f3xima semana, expuso que busca disminuir privilegios de la clase pol\u00edtica, como revisar presupuestos excesivos en Congresos locales, impulsar mecanismos de consulta popular, entre otros.<\/p>\n\n\n\n<p>\u201cLa transformaci\u00f3n implica tomar decisiones que muchas veces afectan pr\u00e1cticas y privilegios del pasado y cada partido le tocar\u00e1 definir de qu\u00e9 lado quiere estar: si del lado de los cambios que demanda la ciudadan\u00eda o del lado de las inercias que la sociedad mexicana ya no est\u00e1 dispuesta a aceptar\u201d, sostuvo.<\/p>\n\n\n\n<p>EL PRESUPUESTO<\/p>\n\n\n\n<p>Acerca de los se\u00f1alamientos sobre el presupuesto anual para el Poder Legislativo, la presidenta de la Junta de Coordinaci\u00f3n Pol\u00edtica agreg\u00f3 que seg\u00fan la tabla dada a conocer, los congresos locales tienen un presupuesto muy alto.<\/p>\n\n\n\n<p>\u201cEn el momento que se pueda aprobar el Plan B, Oaxaca va a ser de los primeros en sumarse; estamos de acuerdo en un sistema m\u00e1s austero porque la austeridad republicana es un principio de nuestro movimiento\u201d, asegur\u00f3.<\/p>\n\n\n\n<p>Detall\u00f3 que en este a\u00f1o 2026, el presupuesto es m\u00e1s bajo que en a\u00f1os anteriores; sobre el an\u00e1lisis que de un presupuesto de m\u00e1s de 400 millones de pesos para 42 diputados, sostuvo que es err\u00f3neo el c\u00e1lculo que a cada representante popular le toque 11 millones de pesos al a\u00f1o.<\/p>\n\n\n\n<p>\u201cNo se trata de que cada diputado al a\u00f1o se lleve 11 millones de pesos; si no, imag\u00ednense en qu\u00e9 estar\u00edamos cayendo. El recurso del Congreso se divide en diferentes partidas y la mayor\u00eda se lleva en gastos personales, adem\u00e1s de gastos administrativos y de servicios.<\/p>\n\n\n\n<p>\u201cEs un presupuesto que implique diferentes cosas, para aclarar la ciudadan\u00eda de Oaxaca que no ganamos 11 millones de pesos al a\u00f1o\u201d, sostuvo Tania Caballero.<\/p>\n\n\n\n<figure class=\"wp-block-embed is-type-rich is-provider-twitter wp-block-embed-twitter\"><div class=\"wp-block-embed__wrapper\">\n<div class=\"twitter-tweet\"><blockquote class=\"twitter-tweet\" data-lang=\"es\"><p lang=\"es\" dir=\"ltr\"><a href=\"https:\/\/twitter.com\/hashtag\/AlMomento?src=hash&amp;ref_src=twsrc%5Etfw\">#AlMomento<\/a> <br>En conferencia de prensa, la presidenta de la Junta de Coordinaci\u00f3n Pol\u00edtica del Congreso del Estado, <a href=\"https:\/\/twitter.com\/TaniaCaballeroN?ref_src=twsrc%5Etfw\">@TaniaCaballeroN<\/a>, reiter\u00f3 el respaldo a la propuesta de reforma electoral y el Plan B de la presidenta <a href=\"https:\/\/twitter.com\/Claudiashein?ref_src=twsrc%5Etfw\">@Claudiashein<\/a>.<br><br>Acompa\u00f1ada de legisladores federales Morena y\u2026 <a href=\"https:\/\/t.co\/JsfYvRokuk\">pic.twitter.com\/JsfYvRokuk<\/a><\/p>&mdash; Zona Roja Oaxaca (@ZonaRoja_Oaxaca) <a href=\"https:\/\/twitter.com\/ZonaRoja_Oaxaca\/status\/2032500812581138551?ref_src=twsrc%5Etfw\">13 de marzo de 2026<\/a><\/blockquote><\/div>\n<\/div><\/figure>\n","protected":false},"excerpt":{"rendered":"<p>Ismael Garc\u00eda M.\/Zona Roja. Oaxaca, Oax., a 14 de marzo de 2026.- Acompa\u00f1ada de legisladores&hellip;<\/p>\n","protected":false},"author":2,"featured_media":91204,"comment_status":"closed","ping_status":"open","sticky":false,"template":"","format":"standard","meta":{"_lmt_disableupdate":"","_lmt_disable":"","_jetpack_memberships_contains_paid_content":false,"footnotes":""},"categories":[109,46],"tags":[303,2629],"class_list":["post-91203","post","type-post","status-publish","format-standard","has-post-thumbnail","hentry","category-minuto-a-minuto","category-zona-blanca","tag-congreso-del-estado-de-oaxaca","tag-tania-caballero-navarro"],"jetpack_featured_media_url":"https:\/\/zonaroja.com.mx\/wp-content\/uploads\/2026\/03\/Conferencia-de-prensa-diputados-Tania-Caballero.jpeg","jetpack_sharing_enabled":true,"_links":{"self":[{"href":"https:\/\/zonaroja.com.mx\/index.php?rest_route=\/wp\/v2\/posts\/91203","targetHints":{"allow":["GET"]}}],"collection":[{"href":"https:\/\/zonaroja.com.mx\/index.php?rest_route=\/wp\/v2\/posts"}],"about":[{"href":"https:\/\/zonaroja.com.mx\/index.php?rest_route=\/wp\/v2\/types\/post"}],"author":[{"embeddable":true,"href":"https:\/\/zonaroja.com.mx\/index.php?rest_route=\/wp\/v2\/users\/2"}],"replies":[{"embeddable":true,"href":"https:\/\/zonaroja.com.mx\/index.php?rest_route=%2Fwp%2Fv2%2Fcomments&post=91203"}],"version-history":[{"count":1,"href":"https:\/\/zonaroja.com.mx\/index.php?rest_route=\/wp\/v2\/posts\/91203\/revisions"}],"predecessor-version":[{"id":91205,"href":"https:\/\/zonaroja.com.mx\/index.php?rest_route=\/wp\/v2\/posts\/91203\/revisions\/91205"}],"wp:featuredmedia":[{"embeddable":true,"href":"https:\/\/zonaroja.com.mx\/index.php?rest_route=\/wp\/v2\/media\/91204"}],"wp:attachment":[{"href":"https:\/\/zonaroja.com.mx\/index.php?rest_route=%2Fwp%2Fv2%2Fmedia&parent=91203"}],"wp:term":[{"taxonomy":"category","embeddable":true,"href":"https:\/\/zonaroja.com.mx\/index.php?rest_route=%2Fwp%2Fv2%2Fcategories&post=91203"},{"taxonomy":"post_tag","embeddable":true,"href":"https:\/\/zonaroja.com.mx\/index.php?rest_route=%2Fwp%2Fv2%2Ftags&post=91203"}],"curies":[{"name":"wp","href":"https:\/\/api.w.org\/{rel}","templated":true}]}}