{"id":91209,"date":"2026-03-14T10:45:00","date_gmt":"2026-03-14T16:45:00","guid":{"rendered":"https:\/\/zonaroja.com.mx\/?p=91209"},"modified":"2026-03-14T07:37:18","modified_gmt":"2026-03-14T13:37:18","slug":"confirman-renuncia-de-farid-acevedo-a-finanzas-destacan-logros","status":"publish","type":"post","link":"https:\/\/zonaroja.com.mx\/?p=91209","title":{"rendered":"Confirman renuncia de Farid Acevedo a Finanzas; destacan logros"},"content":{"rendered":"\n<p>Raymundo Morales\/Zona Roja.<\/p>\n\n\n\n<p>Oaxaca, Oax., a 13 de marzo de 2026.- \u201cReconozco y agradezco su trabajo, responsabilidad y entrega durante el tiempo que form\u00f3 parte de nuestro gabinete. Su contribuci\u00f3n fue importante para mantener el orden en las finanzas p\u00fablicas y sostener las prioridades de la #PrimaveraOaxaque\u00f1a: el bienestar, la justicia social y la atenci\u00f3n a quienes m\u00e1s lo necesitan.<\/p>\n\n\n\n<p>\u201cLe deseo \u00e9xito en sus proyectos personales y profesionales. En Oaxaca, la transformaci\u00f3n no se detiene: seguimos trabajando en territorio y cumpli\u00e9ndole al pueblo\u201d.<\/p>\n\n\n\n<p>As\u00ed confirm\u00f3 el gobernador Salom\u00f3n Jara Cruz la renuncia de Farid Acevedo L\u00f3pez a la Secretar\u00eda de Finanzas, a quien reconoci\u00f3 su esfuerzo y resultados en poco m\u00e1s de tres a\u00f1os al frente de la instituci\u00f3n.&nbsp;<\/p>\n\n\n\n<p>En su reciente informe ante el Congreso local, el entonces secretario de Finanzas destac\u00f3 que desde que asumi\u00f3 la titularidad de la Secretar\u00eda de Finanzas, ha enfocado su gesti\u00f3n en la disciplina fiscal, la transparencia y el fortalecimiento de la recaudaci\u00f3n propia, el manejo de la deuda p\u00fablica, la contenci\u00f3n del gasto y la evoluci\u00f3n de la inversi\u00f3n p\u00fablica, esto principalmente sin contratar un solo peso de deuda p\u00fablica.<\/p>\n\n\n\n<p>Expuso que entre las prioridades que se impulsaron est\u00e1n la atenci\u00f3n a los 150 municipios con mayor rezago y necesidades en el estado, sin descuidar al resto de los municipios.<\/p>\n\n\n\n<p>La estabilidad en la pol\u00edtica fiscal, incremento en la recaudaci\u00f3n y fortalecimiento de los ingresos; un presupuesto justo sin recurrir a endeudamiento.<\/p>\n\n\n\n<p>Asimismo, la mejora en las calificaciones crediticias por parte de organismos internacionales, que se fundamenta en una estrategia de disciplina financiera, transparencia y fortalecimiento de los ingresos propios.<\/p>\n\n\n\n<p>Uno de los logros t\u00e9cnicos m\u00e1s destacados es la implementaci\u00f3n de un param\u00e9trico de hasta 750 millones de pesos, que permiti\u00f3 que, ante sismos o huracanes, el estado reciba recursos de manera autom\u00e1tica sin los tr\u00e1mites burocr\u00e1ticos prolongados de a\u00f1os anteriores.&nbsp;<\/p>\n\n\n\n<p>Acevedo L\u00f3pez mantuvo asimismo la estabilidad de las finanzas estatales a pesar de las fluctuaciones en las participaciones federales (Ramo 28); se prioriz\u00f3 el uso responsable del gasto p\u00fablico, logrando cubrir compromisos con municipios y proveedores sin comprometer el futuro financiero del estado mediante deuda bancaria innecesaria.<\/p>\n\n\n\n<p>En materia recaudatoria, se ha implementado una modernizaci\u00f3n en los sistemas de cobro, facilitando el cumplimiento de obligaciones fiscales a trav\u00e9s de plataformas digitales&nbsp;<\/p>\n\n\n\n<p>Con respecto a la deuda p\u00fablica, se heredaron 35 mil 212 millones de pesos (17 mil 133 con instituciones financieras y 18 mil 079 con dependencias federales), de lo cual se han pagado en estos tres a\u00f1os 15 mil 014 mdp (6 mil 991 a instituciones financieras y 8 mil 023 a dependencias federales), siguiendo la pol\u00edtica de no endeudamiento ni cr\u00e9ditos a corto plazo.<\/p>\n\n\n\n<p>Esto se ha lo grado derivado de las mejoras recaudatorias, la propia contenci\u00f3n del gasto que ha permitido orientar el recurso a donde realmente debe aplicarse, gracias a esto se han obtenido este saneamiento de adeudos hist\u00f3ricos.<\/p>\n\n\n\n<p>La estrategia de egresos ha permitido que el ahorro generado por la austeridad se canalice a proyectos estrat\u00e9gicos, como referencia, en 2023 se autorizaron siete mil 624 mdp, en 2024 fueron nueve mil 688 mdp y en 2025, sumaron 12 mil 422 mdp, todo esto sin endeudar al estado.<\/p>\n\n\n\n<figure class=\"wp-block-embed is-type-rich is-provider-twitter wp-block-embed-twitter\"><div class=\"wp-block-embed__wrapper\">\n<div class=\"twitter-tweet\"><blockquote class=\"twitter-tweet\" data-lang=\"es\"><p lang=\"es\" dir=\"ltr\"><a href=\"https:\/\/twitter.com\/hashtag\/AlMomento?src=hash&amp;ref_src=twsrc%5Etfw\">#AlMomento<\/a> <br>\u201cReconozco y agradezco su trabajo, responsabilidad y entrega durante el tiempo que form\u00f3 parte de nuestro gabinete. Su contribuci\u00f3n fue importante para mantener el orden en las finanzas p\u00fablicas y sostener las prioridades de la <a href=\"https:\/\/twitter.com\/hashtag\/PrimaveraOaxaque%C3%B1a?src=hash&amp;ref_src=twsrc%5Etfw\">#PrimaveraOaxaque\u00f1a<\/a>: el bienestar, la\u2026 <a href=\"https:\/\/t.co\/cnVDKT9cec\">pic.twitter.com\/cnVDKT9cec<\/a><\/p>&mdash; Zona Roja Oaxaca (@ZonaRoja_Oaxaca) <a href=\"https:\/\/twitter.com\/ZonaRoja_Oaxaca\/status\/2032571672348291106?ref_src=twsrc%5Etfw\">13 de marzo de 2026<\/a><\/blockquote><\/div>\n<\/div><\/figure>\n","protected":false},"excerpt":{"rendered":"<p>Raymundo Morales\/Zona Roja. Oaxaca, Oax., a 13 de marzo de 2026.- \u201cReconozco y agradezco su&hellip;<\/p>\n","protected":false},"author":2,"featured_media":86045,"comment_status":"closed","ping_status":"open","sticky":false,"template":"","format":"standard","meta":{"_lmt_disableupdate":"","_lmt_disable":"","_jetpack_memberships_contains_paid_content":false,"footnotes":""},"categories":[109,46],"tags":[3507],"class_list":["post-91209","post","type-post","status-publish","format-standard","has-post-thumbnail","hentry","category-minuto-a-minuto","category-zona-blanca","tag-farid-acevedo-lopez"],"jetpack_featured_media_url":"https:\/\/zonaroja.com.mx\/wp-content\/uploads\/2025\/10\/Secretario-de-Finanzas-conferenca-Farid-Lopez.jpg","jetpack_sharing_enabled":true,"_links":{"self":[{"href":"https:\/\/zonaroja.com.mx\/index.php?rest_route=\/wp\/v2\/posts\/91209","targetHints":{"allow":["GET"]}}],"collection":[{"href":"https:\/\/zonaroja.com.mx\/index.php?rest_route=\/wp\/v2\/posts"}],"about":[{"href":"https:\/\/zonaroja.com.mx\/index.php?rest_route=\/wp\/v2\/types\/post"}],"author":[{"embeddable":true,"href":"https:\/\/zonaroja.com.mx\/index.php?rest_route=\/wp\/v2\/users\/2"}],"replies":[{"embeddable":true,"href":"https:\/\/zonaroja.com.mx\/index.php?rest_route=%2Fwp%2Fv2%2Fcomments&post=91209"}],"version-history":[{"count":1,"href":"https:\/\/zonaroja.com.mx\/index.php?rest_route=\/wp\/v2\/posts\/91209\/revisions"}],"predecessor-version":[{"id":91210,"href":"https:\/\/zonaroja.com.mx\/index.php?rest_route=\/wp\/v2\/posts\/91209\/revisions\/91210"}],"wp:featuredmedia":[{"embeddable":true,"href":"https:\/\/zonaroja.com.mx\/index.php?rest_route=\/wp\/v2\/media\/86045"}],"wp:attachment":[{"href":"https:\/\/zonaroja.com.mx\/index.php?rest_route=%2Fwp%2Fv2%2Fmedia&parent=91209"}],"wp:term":[{"taxonomy":"category","embeddable":true,"href":"https:\/\/zonaroja.com.mx\/index.php?rest_route=%2Fwp%2Fv2%2Fcategories&post=91209"},{"taxonomy":"post_tag","embeddable":true,"href":"https:\/\/zonaroja.com.mx\/index.php?rest_route=%2Fwp%2Fv2%2Ftags&post=91209"}],"curies":[{"name":"wp","href":"https:\/\/api.w.org\/{rel}","templated":true}]}}