{"id":91214,"date":"2026-03-14T12:41:00","date_gmt":"2026-03-14T18:41:00","guid":{"rendered":"https:\/\/zonaroja.com.mx\/?p=91214"},"modified":"2026-03-14T07:54:56","modified_gmt":"2026-03-14T13:54:56","slug":"en-xoxocotlan-refuerzan-profesionalizacion-policial-con-enfoque-en-derechos-humanos","status":"publish","type":"post","link":"https:\/\/zonaroja.com.mx\/?p=91214","title":{"rendered":"En Xoxocotl\u00e1n refuerzan profesionalizaci\u00f3n policial con enfoque en derechos humanos"},"content":{"rendered":"\n<p>Redacci\u00f3n\/Zona Roja.<\/p>\n\n\n\n<p>Oaxaca, Oax., a 14 de marzo de 2026.\u2013 Como parte de los trabajos para reforzar la seguridad con un enfoque humano y de respeto a la ley, el Ayuntamiento de Santa Cruz Xoxocotl\u00e1n, en coordinaci\u00f3n con la Defensor\u00eda de los Derechos Humanos del Pueblo de Oaxaca (DDHPO), realizaron la capacitaci\u00f3n \u201cLineamientos para el funcionamiento de las \u00e1reas de detenci\u00f3n municipal\u201d.<\/p>\n\n\n\n<p>Elementos de seguridad del municipio revisaron criterios y procedimientos para asegurar que toda persona detenida en el \u00e1mbito municipal sea tratada con dignidad y en condiciones que respeten su integridad f\u00edsica, su cultura, su lengua y derechos fundamentales.&nbsp;<\/p>\n\n\n\n<p>Durante la inauguraci\u00f3n de la capacitaci\u00f3n, la presidenta municipal de Santa Cruz Xoxocotl\u00e1n, Nancy Ben\u00edtez Z\u00e1rate, subray\u00f3 que se trabaja en tener una polic\u00eda cercana a la gente, profesional y sensible, que act\u00fae siempre con responsabilidad y respeto a los derechos humanos. &nbsp;<\/p>\n\n\n\n<p>En representaci\u00f3n de la titular de la Defensor\u00eda de los Derechos Humanos del Pueblo de Oaxaca, Elizabeth Lara Rodr\u00edguez, el secretario t\u00e9cnico, Juan Rodr\u00edguez Ramos, enfatiz\u00f3 que este tipo de capacitaciones son clave para prevenir abusos, malos tratos y cualquier forma de vulneraci\u00f3n a los derechos de las personas en situaci\u00f3n de detenci\u00f3n, as\u00ed como para consolidar una cultura institucional de legalidad y respeto.<\/p>\n","protected":false},"excerpt":{"rendered":"<p>Redacci\u00f3n\/Zona Roja. Oaxaca, Oax., a 14 de marzo de 2026.\u2013 Como parte de los trabajos&hellip;<\/p>\n","protected":false},"author":2,"featured_media":91215,"comment_status":"closed","ping_status":"open","sticky":false,"template":"","format":"standard","meta":{"_lmt_disableupdate":"","_lmt_disable":"","_jetpack_memberships_contains_paid_content":false,"footnotes":""},"categories":[109,46],"tags":[133],"class_list":["post-91214","post","type-post","status-publish","format-standard","has-post-thumbnail","hentry","category-minuto-a-minuto","category-zona-blanca","tag-santa-cruz-xoxocotlan"],"jetpack_featured_media_url":"https:\/\/zonaroja.com.mx\/wp-content\/uploads\/2026\/03\/Refuerza-Xoxocotlan-profesionalizacion-policial-con-enfoque-en-derechos-humanos-2.jpeg","jetpack_sharing_enabled":true,"_links":{"self":[{"href":"https:\/\/zonaroja.com.mx\/index.php?rest_route=\/wp\/v2\/posts\/91214","targetHints":{"allow":["GET"]}}],"collection":[{"href":"https:\/\/zonaroja.com.mx\/index.php?rest_route=\/wp\/v2\/posts"}],"about":[{"href":"https:\/\/zonaroja.com.mx\/index.php?rest_route=\/wp\/v2\/types\/post"}],"author":[{"embeddable":true,"href":"https:\/\/zonaroja.com.mx\/index.php?rest_route=\/wp\/v2\/users\/2"}],"replies":[{"embeddable":true,"href":"https:\/\/zonaroja.com.mx\/index.php?rest_route=%2Fwp%2Fv2%2Fcomments&post=91214"}],"version-history":[{"count":1,"href":"https:\/\/zonaroja.com.mx\/index.php?rest_route=\/wp\/v2\/posts\/91214\/revisions"}],"predecessor-version":[{"id":91216,"href":"https:\/\/zonaroja.com.mx\/index.php?rest_route=\/wp\/v2\/posts\/91214\/revisions\/91216"}],"wp:featuredmedia":[{"embeddable":true,"href":"https:\/\/zonaroja.com.mx\/index.php?rest_route=\/wp\/v2\/media\/91215"}],"wp:attachment":[{"href":"https:\/\/zonaroja.com.mx\/index.php?rest_route=%2Fwp%2Fv2%2Fmedia&parent=91214"}],"wp:term":[{"taxonomy":"category","embeddable":true,"href":"https:\/\/zonaroja.com.mx\/index.php?rest_route=%2Fwp%2Fv2%2Fcategories&post=91214"},{"taxonomy":"post_tag","embeddable":true,"href":"https:\/\/zonaroja.com.mx\/index.php?rest_route=%2Fwp%2Fv2%2Ftags&post=91214"}],"curies":[{"name":"wp","href":"https:\/\/api.w.org\/{rel}","templated":true}]}}