{"id":91217,"date":"2026-03-14T13:45:00","date_gmt":"2026-03-14T19:45:00","guid":{"rendered":"https:\/\/zonaroja.com.mx\/?p=91217"},"modified":"2026-03-14T08:08:14","modified_gmt":"2026-03-14T14:08:14","slug":"consejo-niega-respaldo-a-propuesta-de-la-diputada-olivia-cruz-merlin","status":"publish","type":"post","link":"https:\/\/zonaroja.com.mx\/?p=91217","title":{"rendered":"Consejo niega respaldo a propuesta de la diputada Olivia Cruz Merl\u00edn"},"content":{"rendered":"\n<p>Lisbeth Mej\u00eda Reyes\/Zona Roja.<\/p>\n\n\n\n<p>Oaxaca, Oax., a 14 de marzo de 2026.- El Consejo para los Derechos de las Personas con Discapacidad y la Coordinaci\u00f3n para la Atenci\u00f3n de los Derechos Humanos (CADH) del estado de Oaxaca rechazaron haber otorgado su apoyo a la propuesta de la diputada Cecilia Olivia Cruz Merl\u00edn para modificar la Ley de los Derechos de las Personas con Discapacidad en el Estado de Oaxaca, en materia de reconocimiento de las \u00abpersonas cuidadoras no formales\u00bb. Esto debido a falta de consulta y porque la propuesta es inviable \u00aben sus t\u00e9rminos actuales\u00bb.<\/p>\n\n\n\n<p>La semana pasada, la legisladora del partido Morena present\u00f3 en tribuna un proyecto de decreto para reconocer a las personas cuidadoras y que \u00e9stas tengan acceso a servicios, a la protecci\u00f3n psicoemocional, capacitaci\u00f3n y su incorporaci\u00f3n a programas de seguridad social, seg\u00fan su exposici\u00f3n.<\/p>\n\n\n\n<p>En el documento tambi\u00e9n se se\u00f1ala que a nivel nacional las personas cuidadoras son principalmente mujeres (86.9 por ciento).<\/p>\n\n\n\n<p>A trav\u00e9s de un comunicado, el consejo integrado por Everardo P\u00e9rez Pacheco, Tania Soledad Robles Perez, Roberto Antonio Salvador y Pedro Edgardo Miranda Gij\u00f3n, as\u00ed como la titular de la CADH, Flor Estela Morales, esta \u00faltima como secretar\u00eda t\u00e9cnica del organismo, aclararon que la propuesta no les fue consultada ni cuenta con el an\u00e1lisis t\u00e9cnico, respaldo o aprobaci\u00f3n del consejo.&nbsp;<\/p>\n\n\n\n<p>El organismo tambi\u00e9n expuso que, contrario a lo dicho por la legisladora en la sesi\u00f3n ordinaria del 3 de marzo y en plataformas digitales, su propuesta no se aprob\u00f3 en la sesi\u00f3n del Consejo para los Derechos de las Personas con Discapacidad del 15 de diciembre de 2025, pues la reuni\u00f3n no fue convocada para tal fin y la diputada solamente les mencion\u00f3 su iniciativa y que necesitaba el apoyo del consejo para su an\u00e1lisis.<\/p>\n\n\n\n<p>\u00abLas consejeras y consejeros le propusimos llevar una mesa de trabajo en donde se pretend\u00eda conocer y analizar dicha propuesta, pero ese espacio de concertaci\u00f3n t\u00e9cnica nunca se llev\u00f3 a cabo\u00bb, explicaron.<\/p>\n\n\n\n<p>Asimismo, se\u00f1alaron que en el proceso de revisi\u00f3n, la CADH socializ\u00f3 el proyecto con el consejo y se remitieron formalmente las observaciones correspondientes a la diputada, en las que se determin\u00f3 que la propuesta es inviable \u00aben sus t\u00e9rminos actuales\u00bb.<\/p>\n\n\n\n<p>El consejo y la coordinaci\u00f3n recordaron que \u00abeste tipo de iniciativas deben someterse obligatoriamente a un proceso de consulta previa, libre e informada con las personas con discapacidad y personas cuidadoras, requisito que fue omitido\u00bb.<\/p>\n\n\n\n<p>Al reiterar su rechazo a la propuesta y al recordar que posee la atribuci\u00f3n legal de promover adecuaciones legislativas y formular propuestas normativas orientadas a la garant\u00eda de derechos de este sector, el consejo llam\u00f3 al Congreso del Estado \u00aba coadyuvar activamente\u00bb con este organismo respetando su derecho a la participaci\u00f3n y \u00abel principio de progresividad mandatado por el art\u00edculo 1\u00ba de la Constituci\u00f3n Federal, el cual proh\u00edbe la adopci\u00f3n de medidas regresivas sin la debida participaci\u00f3n social\u00bb.<\/p>\n","protected":false},"excerpt":{"rendered":"<p>Lisbeth Mej\u00eda Reyes\/Zona Roja. Oaxaca, Oax., a 14 de marzo de 2026.- El Consejo para&hellip;<\/p>\n","protected":false},"author":2,"featured_media":91218,"comment_status":"closed","ping_status":"open","sticky":false,"template":"","format":"standard","meta":{"_lmt_disableupdate":"","_lmt_disable":"","_jetpack_memberships_contains_paid_content":false,"footnotes":""},"categories":[109,47],"tags":[4720,303],"class_list":["post-91217","post","type-post","status-publish","format-standard","has-post-thumbnail","hentry","category-minuto-a-minuto","category-zona-gris","tag-cecilia-olivia-cruz-merlin","tag-congreso-del-estado-de-oaxaca"],"jetpack_featured_media_url":"https:\/\/zonaroja.com.mx\/wp-content\/uploads\/2026\/03\/Olivia-Cruz-Meriln-diputada-y-CADH.jpg","jetpack_sharing_enabled":true,"_links":{"self":[{"href":"https:\/\/zonaroja.com.mx\/index.php?rest_route=\/wp\/v2\/posts\/91217","targetHints":{"allow":["GET"]}}],"collection":[{"href":"https:\/\/zonaroja.com.mx\/index.php?rest_route=\/wp\/v2\/posts"}],"about":[{"href":"https:\/\/zonaroja.com.mx\/index.php?rest_route=\/wp\/v2\/types\/post"}],"author":[{"embeddable":true,"href":"https:\/\/zonaroja.com.mx\/index.php?rest_route=\/wp\/v2\/users\/2"}],"replies":[{"embeddable":true,"href":"https:\/\/zonaroja.com.mx\/index.php?rest_route=%2Fwp%2Fv2%2Fcomments&post=91217"}],"version-history":[{"count":1,"href":"https:\/\/zonaroja.com.mx\/index.php?rest_route=\/wp\/v2\/posts\/91217\/revisions"}],"predecessor-version":[{"id":91219,"href":"https:\/\/zonaroja.com.mx\/index.php?rest_route=\/wp\/v2\/posts\/91217\/revisions\/91219"}],"wp:featuredmedia":[{"embeddable":true,"href":"https:\/\/zonaroja.com.mx\/index.php?rest_route=\/wp\/v2\/media\/91218"}],"wp:attachment":[{"href":"https:\/\/zonaroja.com.mx\/index.php?rest_route=%2Fwp%2Fv2%2Fmedia&parent=91217"}],"wp:term":[{"taxonomy":"category","embeddable":true,"href":"https:\/\/zonaroja.com.mx\/index.php?rest_route=%2Fwp%2Fv2%2Fcategories&post=91217"},{"taxonomy":"post_tag","embeddable":true,"href":"https:\/\/zonaroja.com.mx\/index.php?rest_route=%2Fwp%2Fv2%2Ftags&post=91217"}],"curies":[{"name":"wp","href":"https:\/\/api.w.org\/{rel}","templated":true}]}}