{"id":91223,"date":"2026-03-14T16:14:00","date_gmt":"2026-03-14T22:14:00","guid":{"rendered":"https:\/\/zonaroja.com.mx\/?p=91223"},"modified":"2026-03-14T08:15:40","modified_gmt":"2026-03-14T14:15:40","slug":"presentan-campana-para-crear-biblioteca-especializada-en-periodismo","status":"publish","type":"post","link":"https:\/\/zonaroja.com.mx\/?p=91223","title":{"rendered":"Presentan campa\u00f1a para crear biblioteca especializada en periodismo"},"content":{"rendered":"\n<p>Redacci\u00f3n\/Zona Roja.<\/p>\n\n\n\n<p>Oaxaca, Oax., a 14 de marzo de 2026.- El Conversatorio de Periodismo, el Club de Lectura Wilfrido L\u00f3pez Torres y la Hemeroteca P\u00fablica de Oaxaca \u201cN\u00e9stor S\u00e1nchez Hern\u00e1ndez\u201d presentaron una campa\u00f1a de donaci\u00f3n de libros de periodismo, comunicaci\u00f3n, dise\u00f1o gr\u00e1fico y mercadotecnia que busca crear la primera biblioteca p\u00fablica especializada en estas \u00e1reas en el estado.<\/p>\n\n\n\n<p>En conferencia de prensa, los organizadores de la iniciativa explicaron que la jornada de donaci\u00f3n iniciar\u00e1 el pr\u00f3ximo 16 de marzo y tendr\u00e1 una duraci\u00f3n de tres meses con el fin de reunir materiales de consulta que puedan ser utilizados por estudiantes, periodistas y personas interesadas en el estudio de estas profesiones.<\/p>\n\n\n\n<p>El director de la Hemeroteca P\u00fablica de Oaxaca \u201cNestor S\u00e1nchez Hern\u00e1ndez\u201d, Kevin Gonzalo Bautista L\u00f3pez explic\u00f3 que las obras editoriales ser\u00e1n recibidas en esta instituci\u00f3n y posteriormente se har\u00e1 la catalogaci\u00f3n y organizaci\u00f3n del acervo recibido para que est\u00e9 disponible para consulta p\u00fablica.<\/p>\n\n\n\n<p>Por su parte, la periodista Yolanda Peach, coordinadora del Club de Lectura \u201cWilfrido L\u00f3pez Torres\u201d, destac\u00f3 que, ante los desaf\u00edos actuales frente a la circulaci\u00f3n de informaci\u00f3n, resulta fundamental fortalecer la formaci\u00f3n y profesionalizaci\u00f3n permanente de quienes ejercen el periodismo.&nbsp;<\/p>\n\n\n\n<p>\u201cEn un contexto marcado por la difusi\u00f3n de informaci\u00f3n sin verificar es importante generar contenidos sustentados en criterios \u00e9ticos, rigor profesional y responsabilidad social, de ah\u00ed que periodistas y estudiantes tengan herramientas para su preparaci\u00f3n y actualizaci\u00f3n para fortalecer la calidad del trabajo period\u00edstico y ofrecer a las audiencias\u201d, agreg\u00f3.<\/p>\n\n\n\n<p>Por su parte, la coordinadora Administrativa del Conversatorio de Periodismo, Isabel Bautista Aguilar precis\u00f3 que la campa\u00f1a de donaci\u00f3n permanecer\u00e1 abierta durante tres meses y pueden solicitar informes al WhatsApp 951 615 4275 y 811 584 0481 como a los correos electr\u00f3nicos hemerotecapublicadeoaxacansh@gmail.com y franciscosanchezhernandez@yahoo.com.mx<\/p>\n","protected":false},"excerpt":{"rendered":"<p>Redacci\u00f3n\/Zona Roja. Oaxaca, Oax., a 14 de marzo de 2026.- El Conversatorio de Periodismo, el&hellip;<\/p>\n","protected":false},"author":2,"featured_media":91225,"comment_status":"closed","ping_status":"open","sticky":false,"template":"","format":"standard","meta":{"_lmt_disableupdate":"","_lmt_disable":"","_jetpack_memberships_contains_paid_content":false,"footnotes":""},"categories":[109,46],"tags":[],"class_list":["post-91223","post","type-post","status-publish","format-standard","has-post-thumbnail","hentry","category-minuto-a-minuto","category-zona-blanca"],"jetpack_featured_media_url":"https:\/\/zonaroja.com.mx\/wp-content\/uploads\/2026\/03\/Club-de-Periodismo-libros.jpg","jetpack_sharing_enabled":true,"_links":{"self":[{"href":"https:\/\/zonaroja.com.mx\/index.php?rest_route=\/wp\/v2\/posts\/91223","targetHints":{"allow":["GET"]}}],"collection":[{"href":"https:\/\/zonaroja.com.mx\/index.php?rest_route=\/wp\/v2\/posts"}],"about":[{"href":"https:\/\/zonaroja.com.mx\/index.php?rest_route=\/wp\/v2\/types\/post"}],"author":[{"embeddable":true,"href":"https:\/\/zonaroja.com.mx\/index.php?rest_route=\/wp\/v2\/users\/2"}],"replies":[{"embeddable":true,"href":"https:\/\/zonaroja.com.mx\/index.php?rest_route=%2Fwp%2Fv2%2Fcomments&post=91223"}],"version-history":[{"count":1,"href":"https:\/\/zonaroja.com.mx\/index.php?rest_route=\/wp\/v2\/posts\/91223\/revisions"}],"predecessor-version":[{"id":91226,"href":"https:\/\/zonaroja.com.mx\/index.php?rest_route=\/wp\/v2\/posts\/91223\/revisions\/91226"}],"wp:featuredmedia":[{"embeddable":true,"href":"https:\/\/zonaroja.com.mx\/index.php?rest_route=\/wp\/v2\/media\/91225"}],"wp:attachment":[{"href":"https:\/\/zonaroja.com.mx\/index.php?rest_route=%2Fwp%2Fv2%2Fmedia&parent=91223"}],"wp:term":[{"taxonomy":"category","embeddable":true,"href":"https:\/\/zonaroja.com.mx\/index.php?rest_route=%2Fwp%2Fv2%2Fcategories&post=91223"},{"taxonomy":"post_tag","embeddable":true,"href":"https:\/\/zonaroja.com.mx\/index.php?rest_route=%2Fwp%2Fv2%2Ftags&post=91223"}],"curies":[{"name":"wp","href":"https:\/\/api.w.org\/{rel}","templated":true}]}}