{"id":91227,"date":"2026-03-14T11:24:00","date_gmt":"2026-03-14T17:24:00","guid":{"rendered":"https:\/\/zonaroja.com.mx\/?p=91227"},"modified":"2026-03-14T08:27:50","modified_gmt":"2026-03-14T14:27:50","slug":"vinculan-a-proceso-a-seis-personas-por-lesiones-en-san-juan-juquila-mixe","status":"publish","type":"post","link":"https:\/\/zonaroja.com.mx\/?p=91227","title":{"rendered":"Vinculan a proceso a seis personas por lesiones en San Juan Juquila Mixe"},"content":{"rendered":"\n<p>Redacci\u00f3n\/Zona Roja.<\/p>\n\n\n\n<p>Oaxaca, Oax., a 14 de marzo de 2026.- La Fiscal\u00eda General del Estado de Oaxaca (FGEO) obtuvo auto de vinculaci\u00f3n a proceso en contra de seis personas del sexo masculino, identificadas como A.J.T., J.T.E., P.J.P., Y.I.D.J., F.J.T. y A.M.N.J., imputados por el delito de lesiones calificadas con ventaja, cometido en agravio de cuatro personas, por hechos ocurridos en el municipio de San Juan Juquila Mixes, Oaxaca.<\/p>\n\n\n\n<p>De acuerdo con la carpeta de investigaci\u00f3n, los hechos ocurrieron el 10 de marzo de 2023, cuando las v\u00edctimas realizaban trabajos de construcci\u00f3n en un predio de dicha comunidad.&nbsp;<\/p>\n\n\n\n<p>La investigaci\u00f3n detalla que en ese momento, los ahora imputados presuntamente las intimidaron con armas de fuego y posteriormente las agredieron f\u00edsicamente con objetos contundentes, provoc\u00e1ndoles diversas lesiones.<\/p>\n\n\n\n<p>Tras tener conocimiento de los hechos, la FGEO a trav\u00e9s de la Vicefiscal\u00eda de Control Regional, inici\u00f3 las investigaciones correspondientes, logrando obtener pruebas s\u00f3lidas para aprehender y presentar a los imputados ante la Juez de Control, quien, tras valorar los datos recabados, dict\u00f3 auto de vinculaci\u00f3n a proceso por el delito de lesiones calificadas con ventaja.<\/p>\n\n\n\n<p>Asimismo, estableci\u00f3 un plazo de dos meses para el cierre de la investigaci\u00f3n complementaria.<\/p>\n\n\n\n<p>La Fiscal\u00eda de Oaxaca tiene el compromiso de realizar trabajos ministeriales minuciosos y con estricto apego a la ley para que las v\u00edctimas directas e indirectas tengan pleno acceso a la justicia.<\/p>\n","protected":false},"excerpt":{"rendered":"<p>Redacci\u00f3n\/Zona Roja. Oaxaca, Oax., a 14 de marzo de 2026.- La Fiscal\u00eda General del Estado&hellip;<\/p>\n","protected":false},"author":2,"featured_media":91228,"comment_status":"closed","ping_status":"open","sticky":false,"template":"","format":"standard","meta":{"_lmt_disableupdate":"","_lmt_disable":"","_jetpack_memberships_contains_paid_content":false,"footnotes":""},"categories":[109,46],"tags":[494],"class_list":["post-91227","post","type-post","status-publish","format-standard","has-post-thumbnail","hentry","category-minuto-a-minuto","category-zona-blanca","tag-fiscalia-general-del-estado-de-oaxaca"],"jetpack_featured_media_url":"https:\/\/zonaroja.com.mx\/wp-content\/uploads\/2026\/03\/Detenidos-Fiscalia-Juquila-Mixe.jpg","jetpack_sharing_enabled":true,"_links":{"self":[{"href":"https:\/\/zonaroja.com.mx\/index.php?rest_route=\/wp\/v2\/posts\/91227","targetHints":{"allow":["GET"]}}],"collection":[{"href":"https:\/\/zonaroja.com.mx\/index.php?rest_route=\/wp\/v2\/posts"}],"about":[{"href":"https:\/\/zonaroja.com.mx\/index.php?rest_route=\/wp\/v2\/types\/post"}],"author":[{"embeddable":true,"href":"https:\/\/zonaroja.com.mx\/index.php?rest_route=\/wp\/v2\/users\/2"}],"replies":[{"embeddable":true,"href":"https:\/\/zonaroja.com.mx\/index.php?rest_route=%2Fwp%2Fv2%2Fcomments&post=91227"}],"version-history":[{"count":1,"href":"https:\/\/zonaroja.com.mx\/index.php?rest_route=\/wp\/v2\/posts\/91227\/revisions"}],"predecessor-version":[{"id":91229,"href":"https:\/\/zonaroja.com.mx\/index.php?rest_route=\/wp\/v2\/posts\/91227\/revisions\/91229"}],"wp:featuredmedia":[{"embeddable":true,"href":"https:\/\/zonaroja.com.mx\/index.php?rest_route=\/wp\/v2\/media\/91228"}],"wp:attachment":[{"href":"https:\/\/zonaroja.com.mx\/index.php?rest_route=%2Fwp%2Fv2%2Fmedia&parent=91227"}],"wp:term":[{"taxonomy":"category","embeddable":true,"href":"https:\/\/zonaroja.com.mx\/index.php?rest_route=%2Fwp%2Fv2%2Fcategories&post=91227"},{"taxonomy":"post_tag","embeddable":true,"href":"https:\/\/zonaroja.com.mx\/index.php?rest_route=%2Fwp%2Fv2%2Ftags&post=91227"}],"curies":[{"name":"wp","href":"https:\/\/api.w.org\/{rel}","templated":true}]}}