{"id":91230,"date":"2026-03-14T20:07:36","date_gmt":"2026-03-15T02:07:36","guid":{"rendered":"https:\/\/zonaroja.com.mx\/?p=91230"},"modified":"2026-03-14T20:07:36","modified_gmt":"2026-03-15T02:07:36","slug":"el-ieepo-suspende-actividades-del-instituto-mexico-de-huatulco-colegio-privado-con-irregularidades","status":"publish","type":"post","link":"https:\/\/zonaroja.com.mx\/?p=91230","title":{"rendered":"El IEEPO suspende actividades del Instituto M\u00e9xico de Huatulco, colegio privado con irregularidades&nbsp;"},"content":{"rendered":"\n<p>Lisbeth Mej\u00eda Reyes\/Zona Roja.&nbsp;<\/p>\n\n\n\n<p>Oaxaca, Oax., a 14 de marzo de 2025.- Debido a la falta del refrendo del reconocimiento de validez oficial y por las omisiones en el cuidado de menores de edad, el Instituto Estatal de Educaci\u00f3n P\u00fablica de Oaxaca (IEEPO) suspendi\u00f3 este viernes las actividades en el colegio privado Instituto M\u00e9xico de Huatulco, ubicado en la bah\u00eda de Santa Cruz, Santa Mar\u00eda Huatulco.<\/p>\n\n\n\n<p>Los sellos detallan que las omisiones del instituto son a los art\u00edculos 3 y 4 de la Constituci\u00f3n Pol\u00edtica de los Estados Unidos Mexicanos. Adem\u00e1s de los 147, 149 y 164 de la Ley General de Educaci\u00f3n y el art\u00edculo 71 de la Ley de Educaci\u00f3n para el Estado Libre y Soberano de Oaxaca.&nbsp;<\/p>\n\n\n\n<p>En una b\u00fasqueda en el portal del IEEPO, el Instituto M\u00e9xico de Huatulco aparece con situaci\u00f3n irregular y un estatus \u00abcon observaciones\u00bb.<\/p>\n\n\n\n<p>La colocaci\u00f3n de los sellos de suspensi\u00f3n se dio a conocer este 13 de marzo y ocurri\u00f3 a unas semanas de que se reactivaran las denuncias en contra de la directora y el coordinador del colegio, Teresita Zimbr\u00f3n Carranza y Manuel \u00c1lvarez Manilla, respectivamente.&nbsp;<\/p>\n\n\n\n<p>En febrero, ambos fueron se\u00f1alados y denunciados penalmente por las agresiones f\u00edsicas en contra de los hermanos Salazar en el sector T de La Crucecita.&nbsp;<\/p>\n\n\n\n<p>Esto tambi\u00e9n reactiv\u00f3 la queja de madres y padres de familia que en el 2024 interpusieron un juicio de amparo a ra\u00edz de la injerencia ilegal de \u00c1lvarez Manilla en la intimidad de varios adolescentes de primer grado (caso registrado en noviembre de 2023) y por la omisi\u00f3n de la directora ante la conducta de \u00c1lvarez, quien es su esposo o pareja sentimental y quien incluso les pidi\u00f3 a los adolescentes no contar nada de lo ocurrido.<\/p>\n\n\n\n<p>A pesar de haber ganado el amparo, los tutores siguen en espera de la reparaci\u00f3n debido a que el instituto recurri\u00f3 a un recurso de revisi\u00f3n, como ha se\u00f1alado el periodista Omar Gasga, quien ha dado seguimiento a las denuncias en contra de directivos y docente del Instituto M\u00e9xico de Huatulco.<\/p>\n\n\n\n<p>Gasga tambi\u00e9n ha informado que existe otra denuncia en contra de un docente del colegio privado, acusado por abuso sexual en contra de una estudiante de 14 a\u00f1os dentro de las instalaciones del colegio. De acuerdo con Gasga, la madre de la adolescente interpuso la denuncia penal el 21 de enero de 2026 ante la Fiscal\u00eda General del Estado de Oaxaca (FGEO). Sin embargo, \u00abel presunto agresor no fue cesado inmediatamente, sino hasta un mes despu\u00e9s de que la madre de la menor interpuso la denuncia en la Fiscal\u00eda de turno ubicada en San Pedro Pochutla\u00bb.<\/p>\n","protected":false},"excerpt":{"rendered":"<p>Lisbeth Mej\u00eda Reyes\/Zona Roja.&nbsp; Oaxaca, Oax., a 14 de marzo de 2025.- Debido a la&hellip;<\/p>\n","protected":false},"author":2,"featured_media":91224,"comment_status":"closed","ping_status":"open","sticky":false,"template":"","format":"standard","meta":{"_lmt_disableupdate":"","_lmt_disable":"","_jetpack_memberships_contains_paid_content":false,"footnotes":""},"categories":[109,47],"tags":[4694],"class_list":["post-91230","post","type-post","status-publish","format-standard","has-post-thumbnail","hentry","category-minuto-a-minuto","category-zona-gris","tag-instituto-mexico-huatulco"],"jetpack_featured_media_url":"https:\/\/zonaroja.com.mx\/wp-content\/uploads\/2026\/03\/Clausuran-Colegio-Mexico-en-Huatulco.jpg","jetpack_sharing_enabled":true,"_links":{"self":[{"href":"https:\/\/zonaroja.com.mx\/index.php?rest_route=\/wp\/v2\/posts\/91230","targetHints":{"allow":["GET"]}}],"collection":[{"href":"https:\/\/zonaroja.com.mx\/index.php?rest_route=\/wp\/v2\/posts"}],"about":[{"href":"https:\/\/zonaroja.com.mx\/index.php?rest_route=\/wp\/v2\/types\/post"}],"author":[{"embeddable":true,"href":"https:\/\/zonaroja.com.mx\/index.php?rest_route=\/wp\/v2\/users\/2"}],"replies":[{"embeddable":true,"href":"https:\/\/zonaroja.com.mx\/index.php?rest_route=%2Fwp%2Fv2%2Fcomments&post=91230"}],"version-history":[{"count":1,"href":"https:\/\/zonaroja.com.mx\/index.php?rest_route=\/wp\/v2\/posts\/91230\/revisions"}],"predecessor-version":[{"id":91231,"href":"https:\/\/zonaroja.com.mx\/index.php?rest_route=\/wp\/v2\/posts\/91230\/revisions\/91231"}],"wp:featuredmedia":[{"embeddable":true,"href":"https:\/\/zonaroja.com.mx\/index.php?rest_route=\/wp\/v2\/media\/91224"}],"wp:attachment":[{"href":"https:\/\/zonaroja.com.mx\/index.php?rest_route=%2Fwp%2Fv2%2Fmedia&parent=91230"}],"wp:term":[{"taxonomy":"category","embeddable":true,"href":"https:\/\/zonaroja.com.mx\/index.php?rest_route=%2Fwp%2Fv2%2Fcategories&post=91230"},{"taxonomy":"post_tag","embeddable":true,"href":"https:\/\/zonaroja.com.mx\/index.php?rest_route=%2Fwp%2Fv2%2Ftags&post=91230"}],"curies":[{"name":"wp","href":"https:\/\/api.w.org\/{rel}","templated":true}]}}