{"id":91232,"date":"2026-03-14T21:13:19","date_gmt":"2026-03-15T03:13:19","guid":{"rendered":"https:\/\/zonaroja.com.mx\/?p=91232"},"modified":"2026-03-14T21:13:23","modified_gmt":"2026-03-15T03:13:23","slug":"desaparece-otra-estudiante-en-morelos-van-5-en-tres-semanas","status":"publish","type":"post","link":"https:\/\/zonaroja.com.mx\/?p=91232","title":{"rendered":"Desaparece otra estudiante en Morelos; van 5 en tres semanas"},"content":{"rendered":"\n<p>Redacci\u00f3n\/Zona Roja Cdmx.<\/p>\n\n\n\n<p>(Informaci\u00f3n de \u201cLa Jornada\u201d)<\/p>\n\n\n\n<p>Ciudad de M\u00e9xico, a 13 de marzo de 2026.-&nbsp; Ayelen Iglesias Vidal, de 17 a\u00f1os, alumna del Colegio de Bachilleres del Estado de Morelos (Cobaem), lleva tres d\u00edas desaparecida, de acuerdo con datos de la Fiscal\u00eda General del Estado (FGE).<\/p>\n\n\n\n<p>En tanto, la rectora de la Universidad Aut\u00f3noma de Morelos (UAEM), Viridiana Le\u00f3n Hern\u00e1ndez, invit\u00f3 a dialogar el pr\u00f3ximo martes a los universitarios que mantienen tomado el campus Chamilpa, ubicado al oriente de Cuernavaca, luego de que dos de sus compa\u00f1eras fueron halladas sin vida en los primeros d\u00edas de este mes.<\/p>\n\n\n\n<p>Respecto a la desaparici\u00f3n de Iglesias Vidal, la menor fue vista por \u00faltima vez el 10 de marzo en la capital del estado; vest\u00eda el uniforme del Cobaem \u2013playera blanca tipo polo, pants azul marino con franjas blancas a los costados y tenis negros\u2013, refiere la ficha de b\u00fasqueda emitida por la fiscal\u00eda.<\/p>\n\n\n\n<p>A\u00f1ade que mide 1.55 metros de estatura, es de complexi\u00f3n robusta y tez blanca, tiene una perforaci\u00f3n en la ceja izquierda y un lunar en la misma zona del piercing.<\/p>\n\n\n\n<p>Con Ayelen suman cinco estudiantes en Morelos desaparecidas en las tres semanas recientes; tres de ellas alumnas de la UAEM y una, del Centro de Estudios Tecnol\u00f3gicos y de Servicios de Xochitepec; dos fueron encontradas muertas y dos con vida.<\/p>\n\n\n\n<p>PIDEN DI\u00c1LOGO<\/p>\n\n\n\n<p>Tras 12 d\u00edas de protestas por estudiantes de la UAEM, quienes tomaron la torre de rector\u00eda y el campus Chamilpa en demanda de seguridad dentro y fuera de la casa de estudios por los homicidios de Kimberly Ramos y Karol Toledo, la rectora Viridiana Le\u00f3n Hern\u00e1ndez invit\u00f3 a los j\u00f3venes a dialogar el pr\u00f3ximo 17 de marzo en dicha unidad.<\/p>\n\n\n\n<p>Previamente, la administraci\u00f3n central les envi\u00f3 dos solicitudes para conversar, a trav\u00e9s de la secretaria general Delia Arcos Adame, con el fin de escuchar sus demandas.<\/p>\n\n\n\n<p>Ayer, la invitaci\u00f3n se dio a conocer mediante un oficio; \u201cla Universidad Aut\u00f3noma del Estado de Morelos reitera a su comunidad su disposici\u00f3n permanente al di\u00e1logo como v\u00eda para atender inquietudes y construir soluciones en conjunto\u201d, refiere el documento.<\/p>\n\n\n\n<p>El campus Chamilpa y la mayor\u00eda de sus unidades acad\u00e9micas, ubicadas en otros puntos de la capital y en diversos municipios del estado llevan dos semanas sin clases. La UAEM cuenta con 40 mil estudiantes y 6 mil trabajadores.<\/p>\n\n\n\n<p>Por su parte, la Federaci\u00f3n de Estudiantes del Estado de Morelos (FEUM) y alumnos de la Facultad de Medicina recuperaron la ma\u00f1ana de ayer el inmueble, ubicado en inmediaciones del Centro Universitario Los Belenes, en Cuernavaca.<\/p>\n\n\n\n<p>Integrantes del grupo La Resistencia Universitaria denunciaron que la FEUM us\u00f3 la violencia y su dirigente, Adriana Guadarrama, se burl\u00f3 de los manifestantes cuando uno de sus colaboradores romp\u00eda con un martillo el candado de la puerta para ingresar a la facultad.<\/p>\n\n\n\n<p>El grupo se\u00f1al\u00f3 que Guadarrama ha sido desconocida por parte de La Resistencia por supuestamente favorecer los intereses de la rector\u00eda y del gobierno del estado y solicitaron su destituci\u00f3n como presidenta de la FEUM; asimismo, iniciaron una queja ante la Comisi\u00f3n de Derechos Humanos Estatal.<\/p>\n\n\n\n<p>Por su lado, el grupo que recuper\u00f3 el plantel asegur\u00f3 que actu\u00f3 de manera independiente; el paro de labores continuar\u00e1 en las diferentes escuelas de la UAEM, hasta que la rector\u00eda, la gobernadora Margarita Gonz\u00e1lez y los alcaldes garanticen seguridad dentro y fuera de los planteles.<\/p>\n\n\n\n<p>IGNORAN PARADERO<\/p>\n\n\n\n<p>Por otra parte, decenas de amigos y familiares de Mois\u00e9s Uriel Z\u00fa\u00f1iga Guzm\u00e1n, de 26 a\u00f1os, marcharon por calles del municipio de Temixco para exigir a la FGE colabore en su localizaci\u00f3n, luego de 13 d\u00edas de desconocer su paradero.<\/p>\n\n\n\n<p>Se\u00f1alaron que ellos mismos han recorrido colonias aleda\u00f1as, barrancas y el r\u00edo que atraviesa el municipio sin lograr ubicarlo. Uriel fue visto por \u00faltima vez el 28 de febrero cuando acudi\u00f3 a una tienda Elektra.<\/p>\n\n\n\n<p>Su familia consider\u00f3 que al ser de escasos recursos econ\u00f3micos, y por no ser estudiante, las autoridades muestran desinter\u00e9s en su b\u00fasqueda.<\/p>\n","protected":false},"excerpt":{"rendered":"<p>Redacci\u00f3n\/Zona Roja Cdmx. (Informaci\u00f3n de \u201cLa Jornada\u201d) Ciudad de M\u00e9xico, a 13 de marzo de&hellip;<\/p>\n","protected":false},"author":2,"featured_media":91146,"comment_status":"closed","ping_status":"open","sticky":false,"template":"","format":"standard","meta":{"_lmt_disableupdate":"","_lmt_disable":"","_jetpack_memberships_contains_paid_content":false,"footnotes":""},"categories":[109,47],"tags":[4571],"class_list":["post-91232","post","type-post","status-publish","format-standard","has-post-thumbnail","hentry","category-minuto-a-minuto","category-zona-gris","tag-violencia-en-morelos"],"jetpack_featured_media_url":"https:\/\/zonaroja.com.mx\/wp-content\/uploads\/2026\/03\/Feminicidios-universidad-Morelos.jpg.jpg","jetpack_sharing_enabled":true,"_links":{"self":[{"href":"https:\/\/zonaroja.com.mx\/index.php?rest_route=\/wp\/v2\/posts\/91232","targetHints":{"allow":["GET"]}}],"collection":[{"href":"https:\/\/zonaroja.com.mx\/index.php?rest_route=\/wp\/v2\/posts"}],"about":[{"href":"https:\/\/zonaroja.com.mx\/index.php?rest_route=\/wp\/v2\/types\/post"}],"author":[{"embeddable":true,"href":"https:\/\/zonaroja.com.mx\/index.php?rest_route=\/wp\/v2\/users\/2"}],"replies":[{"embeddable":true,"href":"https:\/\/zonaroja.com.mx\/index.php?rest_route=%2Fwp%2Fv2%2Fcomments&post=91232"}],"version-history":[{"count":1,"href":"https:\/\/zonaroja.com.mx\/index.php?rest_route=\/wp\/v2\/posts\/91232\/revisions"}],"predecessor-version":[{"id":91233,"href":"https:\/\/zonaroja.com.mx\/index.php?rest_route=\/wp\/v2\/posts\/91232\/revisions\/91233"}],"wp:featuredmedia":[{"embeddable":true,"href":"https:\/\/zonaroja.com.mx\/index.php?rest_route=\/wp\/v2\/media\/91146"}],"wp:attachment":[{"href":"https:\/\/zonaroja.com.mx\/index.php?rest_route=%2Fwp%2Fv2%2Fmedia&parent=91232"}],"wp:term":[{"taxonomy":"category","embeddable":true,"href":"https:\/\/zonaroja.com.mx\/index.php?rest_route=%2Fwp%2Fv2%2Fcategories&post=91232"},{"taxonomy":"post_tag","embeddable":true,"href":"https:\/\/zonaroja.com.mx\/index.php?rest_route=%2Fwp%2Fv2%2Ftags&post=91232"}],"curies":[{"name":"wp","href":"https:\/\/api.w.org\/{rel}","templated":true}]}}