{"id":91234,"date":"2026-03-15T07:45:00","date_gmt":"2026-03-15T13:45:00","guid":{"rendered":"https:\/\/zonaroja.com.mx\/?p=91234"},"modified":"2026-03-14T21:28:12","modified_gmt":"2026-03-15T03:28:12","slug":"entrega-gobierno-mil-tinacos-para-santa-lucia-del-camino-y-san-sebastian-tutla","status":"publish","type":"post","link":"https:\/\/zonaroja.com.mx\/?p=91234","title":{"rendered":"Entrega gobierno mil tinacos para Santa Luc\u00eda del Camino y San Sebasti\u00e1n Tutla"},"content":{"rendered":"\n<p>Redacci\u00f3n\/Zona Roja.<\/p>\n\n\n\n<p>Oaxaca, Oax. 15 de marzo de 2026.-\u00a0El gobernador Salom\u00f3n Jara Cruz encabez\u00f3 la entrega de mil tinacos del programa \u201cAgua para Todas y Todos\u201d en la Zona Metropolitana de Oaxaca (ZMO), con el objetivo de que m\u00e1s familias cuenten con almacenamiento del vital l\u00edquido durante la temporada de estiaje.<\/p>\n\n\n\n<p>\u201cEl derecho al agua es un derecho que tienen todas y todos\u201d, expres\u00f3 Jara Cruz en Santa Luc\u00eda del Camino, al anunciar que a principios de mayo iniciar\u00e1 la construcci\u00f3n de la presa \u201cMujer Solteca\u201d en Villa Sola de Vega, que permitir\u00e1 abastecer con mil litros por segundo a municipios como Oaxaca de Ju\u00e1rez, Santa Luc\u00eda, San Sebasti\u00e1n Tutla, Santa Cruz Xoxocotl\u00e1n, entre otros.<\/p>\n\n\n\n<p>Asimismo, indic\u00f3 que se realizan trabajos de rehabilitaci\u00f3n de tuber\u00edas y v\u00e1lvulas en cinco sectoriales de la red de distribuci\u00f3n, adem\u00e1s de la apertura de nuevos pozos, con el objetivo de fortalecer el suministro en la capital y municipios conurbados.<\/p>\n\n\n\n<p>El mandatario estatal tambi\u00e9n inform\u00f3 que se cuenta con 30 pipas para abastecer de agua de manera gratuita a colonias que lo requieran.<\/p>\n\n\n\n<p>Por su parte, la titular de la Secretar\u00eda de Bienestar, Tequio e Inclusi\u00f3n (Sebienti), Vilma Mart\u00ednez Cort\u00e9s explic\u00f3 que esta entrega beneficiar\u00e1 a mil familias de San Sebasti\u00e1n Tutla y Santa Luc\u00eda del Camino, y llam\u00f3 a la poblaci\u00f3n a hacer un uso responsable del agua.<\/p>\n\n\n\n<p>En tanto, el director de la Comisi\u00f3n Estatal del Agua para el Bienestar (Ceabien), Neftal\u00ed Amigdael L\u00f3pez Hern\u00e1ndez, se\u00f1al\u00f3 que este programa se realiza de forma directa y transparente, adem\u00e1s de contemplar proyectos para mitigar la escasez del vital l\u00edquido en la zona.<\/p>\n\n\n\n<p>Esta entrega forma parte de una estrategia anticipada y planificada para atender a las familias que hist\u00f3ricamente han enfrentado mayores dificultades para acceder al agua, garantizando as\u00ed mejores condiciones de bienestar para la poblaci\u00f3n.&nbsp;<\/p>\n\n\n\n<p>EN EL ISTMO<\/p>\n\n\n\n<p>Previamente, el titular del Poder Ejecutivo inaugur\u00f3 la Copa de Beisbol Binniz\u00e1 en la Heroica Ciudad de Juchit\u00e1n de Zaragoza, del Istmo de Tehuantepec.&nbsp;&nbsp;<\/p>\n\n\n\n<p>Desde el emblem\u00e1tico estadio de beisbol Xhahui, donde se han inscrito grandes \u00e9xitos, el Mandatario estatal destac\u00f3 que el deporte es una parte fundamental del desarrollo humano, que no solo fortalece el cuerpo, ya que&nbsp;forma car\u00e1cter, disciplina, compa\u00f1erismo y respeto.<\/p>\n\n\n\n<p>\u201cEl beisbol ocupa un lugar especial en el coraz\u00f3n de nuestro estado aqu\u00ed en el Istmo de Tehuantepec, es uno de los deportes favoritos y una pasi\u00f3n que se vive intensamente en muchos municipios de esta zona\u201d, expuso ante representantes de deporte, entrenadores y participantes.<\/p>\n\n\n\n<p>En esta regi\u00f3n donde han surgido grandes jugadores como Chito R\u00edos, Jara Cruz dese\u00f3 a todos los concursantes el mayor de los \u00e9xitos, que compitan con entrega, pasi\u00f3n y disfruten cada juego; porque el verdadero triunfo est\u00e1 en el esfuerzo, disciplina y trabajo en equipo.&nbsp;&nbsp;<\/p>\n\n\n\n<p>Esta justa deportiva que reunir\u00e1 a equipos de la regi\u00f3n del Istmo de Tehuantepec, contempla las etapas de competici\u00f3n: municipal, regional clasificatorio y play off.<\/p>\n","protected":false},"excerpt":{"rendered":"<p>Redacci\u00f3n\/Zona Roja. Oaxaca, Oax. 15 de marzo de 2026.-\u00a0El gobernador Salom\u00f3n Jara Cruz encabez\u00f3 la&hellip;<\/p>\n","protected":false},"author":2,"featured_media":91235,"comment_status":"closed","ping_status":"open","sticky":false,"template":"","format":"standard","meta":{"_lmt_disableupdate":"","_lmt_disable":"","_jetpack_memberships_contains_paid_content":false,"footnotes":""},"categories":[109,46],"tags":[939],"class_list":["post-91234","post","type-post","status-publish","format-standard","has-post-thumbnail","hentry","category-minuto-a-minuto","category-zona-blanca","tag-salomon-jara-cruz"],"jetpack_featured_media_url":"https:\/\/zonaroja.com.mx\/wp-content\/uploads\/2026\/03\/Refuerza-Gobierno-de-Oaxaca-abasto-de-agua-con-entrega-de-tinacos-en-Zona-Metropolitana-4.jpeg","jetpack_sharing_enabled":true,"_links":{"self":[{"href":"https:\/\/zonaroja.com.mx\/index.php?rest_route=\/wp\/v2\/posts\/91234","targetHints":{"allow":["GET"]}}],"collection":[{"href":"https:\/\/zonaroja.com.mx\/index.php?rest_route=\/wp\/v2\/posts"}],"about":[{"href":"https:\/\/zonaroja.com.mx\/index.php?rest_route=\/wp\/v2\/types\/post"}],"author":[{"embeddable":true,"href":"https:\/\/zonaroja.com.mx\/index.php?rest_route=\/wp\/v2\/users\/2"}],"replies":[{"embeddable":true,"href":"https:\/\/zonaroja.com.mx\/index.php?rest_route=%2Fwp%2Fv2%2Fcomments&post=91234"}],"version-history":[{"count":1,"href":"https:\/\/zonaroja.com.mx\/index.php?rest_route=\/wp\/v2\/posts\/91234\/revisions"}],"predecessor-version":[{"id":91236,"href":"https:\/\/zonaroja.com.mx\/index.php?rest_route=\/wp\/v2\/posts\/91234\/revisions\/91236"}],"wp:featuredmedia":[{"embeddable":true,"href":"https:\/\/zonaroja.com.mx\/index.php?rest_route=\/wp\/v2\/media\/91235"}],"wp:attachment":[{"href":"https:\/\/zonaroja.com.mx\/index.php?rest_route=%2Fwp%2Fv2%2Fmedia&parent=91234"}],"wp:term":[{"taxonomy":"category","embeddable":true,"href":"https:\/\/zonaroja.com.mx\/index.php?rest_route=%2Fwp%2Fv2%2Fcategories&post=91234"},{"taxonomy":"post_tag","embeddable":true,"href":"https:\/\/zonaroja.com.mx\/index.php?rest_route=%2Fwp%2Fv2%2Ftags&post=91234"}],"curies":[{"name":"wp","href":"https:\/\/api.w.org\/{rel}","templated":true}]}}