{"id":9124,"date":"2020-02-24T12:49:36","date_gmt":"2020-02-24T18:49:36","guid":{"rendered":"https:\/\/www.zonaroja.com.mx\/?p=9124"},"modified":"2020-02-24T12:49:38","modified_gmt":"2020-02-24T18:49:38","slug":"ya-merito-responde-fiscalia-sobre-justicia-por-asesino-de-hijo-de-periodista-en-la-cuenca","status":"publish","type":"post","link":"https:\/\/zonaroja.com.mx\/?p=9124","title":{"rendered":"\u201cYa merito\u201d, responde Fiscal\u00eda sobre justicia por asesino de hijo de periodista en la Cuenca"},"content":{"rendered":"\n<p class=\"MsoNormal\">Yuridiana Sosa\/Zona Roja.&nbsp;<\/p>\n\n\n\n<p class=\"MsoNormal\">San Juan Bautista Tuxtepec, Oax., 24 de febrero de 2020.- Dese hace m\u00e1s de dos meses, la Fiscal\u00eda General de Oaxaca trastoca las esperanzas de justicia sobre el asesinato de Cirilo Carrera Ram\u00edrez, hijo del comunicador Ferm\u00edn Carrera, ocurrido en San Miguel Soyaltepec el pasado&nbsp;<a href=\"\/\/1\">20 de noviembre<\/a>.<\/p>\n\n\n\n<p class=\"MsoNormal\">\u201cEn el caso de mi hijo asesinado en Temascal Oaxaca, la Fiscal\u00eda no ha realizado su trabajo. Son tres meses y no quiere aprehender al asesino confeso de mi hijo. Cuando se lo propone lo hace y lo logro, pero en mi caso, no\u201d, expres\u00f3 el comunicador a trav\u00e9s de su cuenta de Twitter.&nbsp;<\/p>\n\n\n\n<p class=\"MsoNormal\">\u201cYa mero, ya merito\u201d, es la respuesta que la autoridad judicial ofrece sobre la ejecuci\u00f3n de la orden de aprehensi\u00f3n, misma que supuestamente fue librada desde hace casi tres meses, indic\u00f3 el padre de Cirilo.<\/p>\n\n\n\n<p class=\"MsoNormal\">Ferm\u00edn Carrera inform\u00f3 que la Fiscal\u00eda General de Oaxaca le comunic\u00f3 de la orden para detener al presunto responsable del homicidio de su hijo, pero la familia no encuentra razones por la demora.<\/p>\n\n\n\n<p class=\"MsoNormal\">Son los propios deudos los que han proporcionado pistas fundamentales para dar con el paradero del agresor, quien huy\u00f3 del municipio tras difusi\u00f3n de los hechos y de su probable responsabilidad.<\/p>\n\n\n\n<p class=\"MsoNormal\">\u201cS\u00f3lo repiten, ya tenemos la orden de aprehensi\u00f3n, en estos d\u00edas ya\u2026(se ejecuta)\u201d, indic\u00f3 Carrera sobre la atenci\u00f3n que recibe a su insistencia en la Fiscal\u00eda para que haya justicia en el homicidio de su joven hijo de 28 a\u00f1os.<\/p>\n\n\n\n<p class=\"MsoNormal\">En otras ocasiones, dice, las autoridades se contradicen en la posibilidad del arresto, pues tambi\u00e9n les indican que no existen suficientes pruebas para ejecutar la orden de aprehensi\u00f3n.<\/p>\n\n\n\n<p class=\"MsoNormal\">Cirilo Carrera Ram\u00edrez, de 28 a\u00f1os de edad, muri\u00f3 por las graves heridas provocadas por los disparos de un arma de fuego la noche del&nbsp;<a href=\"\/\/2\">20 de noviembre<\/a>&nbsp;en la cabecera municipal de Soyaltepec, mientras caminaba frente a una cantina.<\/p>\n\n\n\n<p class=\"MsoNormal\">Al ser agredido, el joven llam\u00f3 a su familia para pedir auxilio y quien se\u00f1al\u00f3 que su atacante fue Filiberto Ruiz Bautista, quien portaba una escopeta. Testigos del lugar lo confirmaron. <\/p>\n","protected":false},"excerpt":{"rendered":"<p>Yuridiana Sosa\/Zona Roja.&nbsp; San Juan Bautista Tuxtepec, Oax., 24 de febrero de 2020.- Dese hace&hellip;<\/p>\n","protected":false},"author":2,"featured_media":9123,"comment_status":"closed","ping_status":"open","sticky":false,"template":"","format":"standard","meta":{"_lmt_disableupdate":"","_lmt_disable":"","_jetpack_memberships_contains_paid_content":false,"footnotes":""},"categories":[109,47],"tags":[],"class_list":["post-9124","post","type-post","status-publish","format-standard","has-post-thumbnail","hentry","category-minuto-a-minuto","category-zona-gris"],"jetpack_featured_media_url":"https:\/\/zonaroja.com.mx\/wp-content\/uploads\/2020\/02\/img_2198.jpg","jetpack_sharing_enabled":true,"_links":{"self":[{"href":"https:\/\/zonaroja.com.mx\/index.php?rest_route=\/wp\/v2\/posts\/9124","targetHints":{"allow":["GET"]}}],"collection":[{"href":"https:\/\/zonaroja.com.mx\/index.php?rest_route=\/wp\/v2\/posts"}],"about":[{"href":"https:\/\/zonaroja.com.mx\/index.php?rest_route=\/wp\/v2\/types\/post"}],"author":[{"embeddable":true,"href":"https:\/\/zonaroja.com.mx\/index.php?rest_route=\/wp\/v2\/users\/2"}],"replies":[{"embeddable":true,"href":"https:\/\/zonaroja.com.mx\/index.php?rest_route=%2Fwp%2Fv2%2Fcomments&post=9124"}],"version-history":[{"count":1,"href":"https:\/\/zonaroja.com.mx\/index.php?rest_route=\/wp\/v2\/posts\/9124\/revisions"}],"predecessor-version":[{"id":9125,"href":"https:\/\/zonaroja.com.mx\/index.php?rest_route=\/wp\/v2\/posts\/9124\/revisions\/9125"}],"wp:featuredmedia":[{"embeddable":true,"href":"https:\/\/zonaroja.com.mx\/index.php?rest_route=\/wp\/v2\/media\/9123"}],"wp:attachment":[{"href":"https:\/\/zonaroja.com.mx\/index.php?rest_route=%2Fwp%2Fv2%2Fmedia&parent=9124"}],"wp:term":[{"taxonomy":"category","embeddable":true,"href":"https:\/\/zonaroja.com.mx\/index.php?rest_route=%2Fwp%2Fv2%2Fcategories&post=9124"},{"taxonomy":"post_tag","embeddable":true,"href":"https:\/\/zonaroja.com.mx\/index.php?rest_route=%2Fwp%2Fv2%2Ftags&post=9124"}],"curies":[{"name":"wp","href":"https:\/\/api.w.org\/{rel}","templated":true}]}}