{"id":91245,"date":"2026-03-15T11:39:00","date_gmt":"2026-03-15T17:39:00","guid":{"rendered":"https:\/\/zonaroja.com.mx\/?p=91245"},"modified":"2026-03-14T21:44:43","modified_gmt":"2026-03-15T03:44:43","slug":"llega-a-xoxocotlan-la-riqueza-historica-de-las-tumbas-arqueologicas-de-oaxaca","status":"publish","type":"post","link":"https:\/\/zonaroja.com.mx\/?p=91245","title":{"rendered":"Llega a Xoxocotl\u00e1n la riqueza hist\u00f3rica de las \u201cTumbas Arqueol\u00f3gicas de Oaxaca\u201d"},"content":{"rendered":"\n<p>Redacci\u00f3n\/Zona Roja.<\/p>\n\n\n\n<p>Oaxaca, Oax., a 15 de marzo de 2026.\u2013 &nbsp;Con el objetivo de fortalecer la identidad y difundir el patrimonio de los Valles Centrales, se inaugur\u00f3 en Santa Cruz Xoxocotl\u00e1n la exposici\u00f3n \u00abTumbas Arqueol\u00f3gicas de Oaxaca\u00bb, un esfuerzo conjunto entre la Secretar\u00eda de las Culturas y Artes, el INAH y el Museo Erwin Frissell de Mitla.<\/p>\n\n\n\n<p>En representaci\u00f3n de la presidenta municipal, Nancy Ben\u00edtez Z\u00e1rate, la presidenta honoraria del Sistema DIF Municipal, Yarazet Cruz Ben\u00edtez, destac\u00f3 que esta muestra es un recordatorio de que la identidad se construye con memoria: \u00abEl patrimonio cultural es un puente que nos une con quienes fuimos y con quienes seremos\u00bb, expres\u00f3.<\/p>\n\n\n\n<p>La exhibici\u00f3n ofrece un acercamiento a la cultura material de nuestros antepasados, destacando hallazgos con relevancia internacional como la Tumba 7 de Monte Alb\u00e1n, cuya ofrenda es considerada una de las m\u00e1s importantes de Mesoam\u00e9rica.<\/p>\n\n\n\n<p>Tambi\u00e9n, a trav\u00e9s de fotograf\u00edas actuales e hist\u00f3ricas, el p\u00fablico podr\u00e1 apreciar los detalles de las tumbas 5 de Huijazo, 3 de Atzompa, 2 de Zaachila, las tumbas cruciformes de Xaag\u00e1 y Guirun, as\u00ed como los entierros de Lambityeco, Yagul y Mitla, incluyendo la ic\u00f3nica representaci\u00f3n arquitect\u00f3nica de la tumba 104 de Monte Alb\u00e1n.<\/p>\n\n\n\n<p>Al respecto, el Secretario de las Culturas y Artes, Flavio Sosa Villavicencio, subray\u00f3 que la muestra permite al p\u00fablico \u00ableer, ver y conocer los secretos de nuestros pueblos zapotecos y mixtecos\u00bb.&nbsp;<\/p>\n\n\n\n<p>En esta muestra fotogr\u00e1fica, asistieron tambi\u00e9n el subsecretario de las Culturas y Artes, Francisco Reyna Lucero, y el director del Museo Erwin Frissell de Mitla, el arquitecto Luis Garc\u00eda.<\/p>\n\n\n\n<p>La exposici\u00f3n ligada a la historia de Santa Cruz Xoxocotl\u00e1n y la zona arqueol\u00f3gica &nbsp;de Monte Alb\u00e1n, permanecer\u00e1 abierta tres meses en C. M\u00e1rtires de Tacubaya 509 para que las familias conozcan de su entorno y redescubran la cosmovisi\u00f3n que define la ra\u00edz oaxaque\u00f1a.<\/p>\n","protected":false},"excerpt":{"rendered":"<p>Redacci\u00f3n\/Zona Roja. Oaxaca, Oax., a 15 de marzo de 2026.\u2013 &nbsp;Con el objetivo de fortalecer&hellip;<\/p>\n","protected":false},"author":2,"featured_media":91246,"comment_status":"closed","ping_status":"open","sticky":false,"template":"","format":"standard","meta":{"_lmt_disableupdate":"","_lmt_disable":"","_jetpack_memberships_contains_paid_content":false,"footnotes":""},"categories":[109,46],"tags":[133],"class_list":["post-91245","post","type-post","status-publish","format-standard","has-post-thumbnail","hentry","category-minuto-a-minuto","category-zona-blanca","tag-santa-cruz-xoxocotlan"],"jetpack_featured_media_url":"https:\/\/zonaroja.com.mx\/wp-content\/uploads\/2026\/03\/Llega-a-Xoxocotlan-la-riqueza-historica-de-las-Tumbas-Arqueologicas-de-Oaxaca-1.jpg","jetpack_sharing_enabled":true,"_links":{"self":[{"href":"https:\/\/zonaroja.com.mx\/index.php?rest_route=\/wp\/v2\/posts\/91245","targetHints":{"allow":["GET"]}}],"collection":[{"href":"https:\/\/zonaroja.com.mx\/index.php?rest_route=\/wp\/v2\/posts"}],"about":[{"href":"https:\/\/zonaroja.com.mx\/index.php?rest_route=\/wp\/v2\/types\/post"}],"author":[{"embeddable":true,"href":"https:\/\/zonaroja.com.mx\/index.php?rest_route=\/wp\/v2\/users\/2"}],"replies":[{"embeddable":true,"href":"https:\/\/zonaroja.com.mx\/index.php?rest_route=%2Fwp%2Fv2%2Fcomments&post=91245"}],"version-history":[{"count":1,"href":"https:\/\/zonaroja.com.mx\/index.php?rest_route=\/wp\/v2\/posts\/91245\/revisions"}],"predecessor-version":[{"id":91247,"href":"https:\/\/zonaroja.com.mx\/index.php?rest_route=\/wp\/v2\/posts\/91245\/revisions\/91247"}],"wp:featuredmedia":[{"embeddable":true,"href":"https:\/\/zonaroja.com.mx\/index.php?rest_route=\/wp\/v2\/media\/91246"}],"wp:attachment":[{"href":"https:\/\/zonaroja.com.mx\/index.php?rest_route=%2Fwp%2Fv2%2Fmedia&parent=91245"}],"wp:term":[{"taxonomy":"category","embeddable":true,"href":"https:\/\/zonaroja.com.mx\/index.php?rest_route=%2Fwp%2Fv2%2Fcategories&post=91245"},{"taxonomy":"post_tag","embeddable":true,"href":"https:\/\/zonaroja.com.mx\/index.php?rest_route=%2Fwp%2Fv2%2Ftags&post=91245"}],"curies":[{"name":"wp","href":"https:\/\/api.w.org\/{rel}","templated":true}]}}