{"id":91248,"date":"2026-03-15T12:45:00","date_gmt":"2026-03-15T18:45:00","guid":{"rendered":"https:\/\/zonaroja.com.mx\/?p=91248"},"modified":"2026-03-14T21:46:06","modified_gmt":"2026-03-15T03:46:06","slug":"la-fgr-atrae-el-caso-de-la-desaparicion-forzada-del-oaxaqueno-pablo-osorio","status":"publish","type":"post","link":"https:\/\/zonaroja.com.mx\/?p=91248","title":{"rendered":"La FGR atrae el caso de la desaparici\u00f3n forzada del oaxaque\u00f1o Pablo Osorio"},"content":{"rendered":"\n<p>Lisbeth Mej\u00eda Reyes\/Zona Roja.<\/p>\n\n\n\n<p>Oaxaca, Oax., a 15 de marzo de 2026.- La desaparici\u00f3n forzada del ingeniero oaxaque\u00f1o Pablo Osorio S\u00e1nchez fue atra\u00edda finalmente por la Fiscal\u00eda General de la Rep\u00fablica (FGR), confirm\u00f3 Maurilio Santiago Reyes, titular del Centro de Derechos Humanos y Asesor\u00eda a Pueblos Ind\u00edgenas (Cedhapi).&nbsp;<\/p>\n\n\n\n<p>Sin embargo, a\u00fan se espera que la Comisi\u00f3n Interamericana de Derechos Humanos (CIDH) intervenga para que el Estado mexicano agilice la b\u00fasqueda y localizaci\u00f3n del joven originario de Tlaxiaco, Oaxaca.<\/p>\n\n\n\n<p>Aunque la Fiscal\u00eda Especial en Investigaci\u00f3n de los Delitos de Desaparici\u00f3n Forzada ya tiene el caso en sus manos, Santiago Reyes tambi\u00e9n explic\u00f3 que ni la familia ni la asociaci\u00f3n civil que acompa\u00f1a el caso tienen informaci\u00f3n sobre la identificaci\u00f3n de Pablo entre los cuerpos encontrados hasta ahora. \u00abHasta el momento no nos ha referido si ya se hizo la confronta con las muestras gen\u00e9ticas con los cuerpos encontrados en la Concordia\u00bb, expres\u00f3 en entrevista telef\u00f3nica con la agencia de noticias Zona Roja.<\/p>\n\n\n\n<p>El representante de la asociaci\u00f3n civil que acompa\u00f1a a la familia de Pablo en este caso de desaparici\u00f3n forzada detall\u00f3 que a nivel internacional se han seguido dos v\u00edas legales.<\/p>\n\n\n\n<p>Una de estas es la solicitud de una acci\u00f3n urgente ante el Comit\u00e9 contra la Desaparici\u00f3n Forzada (CED) de la Organizaci\u00f3n de las Naciones Unidas (ONU) y por lo cual se emiti\u00f3 la acci\u00f3n 2220\/2026 para conminar al Estado mexicano a trabajar en el caso.<\/p>\n\n\n\n<p>La otra v\u00eda o recurso fue una solicitud de medidas cautelares ante la Comisi\u00f3n Interamericana de Derechos Humanos (CIDH) para que tambi\u00e9n intervenga y haga el llamado respectivo a las autoridades mexicanas para la b\u00fasqueda y localizaci\u00f3n de Pablo.<\/p>\n\n\n\n<p>Derivado de la acci\u00f3n urgente del comit\u00e9 de la ONU, el Estado mexicano ya rindi\u00f3 su informe, explic\u00f3 Maurilio, por lo que se esperan los resultados de este.<\/p>\n\n\n\n<p>En tanto, tambi\u00e9n siguen en espera de la determinaci\u00f3n de la CIDH para atraer el caso y las autoridades agilice la b\u00fasqueda y localizaci\u00f3n de Pablo y que sea encontrado con vida o que se d\u00e9 con su cuerpo.<\/p>\n\n\n\n<p>Aun cuando todav\u00eda no hay noticias de Pablo, el defensor consider\u00f3 que su caso ha tenido al menos una \u00abm\u00ednima atenci\u00f3n\u00bb gracias a la acci\u00f3n de de la ONU, pues \u00aben otros casos que hemos visto de desaparici\u00f3n forzada son ignorados\u00bb.<\/p>\n\n\n\n<p>Pablo Osorio S\u00e1nchez fue visto por \u00faltima vez el 23 de enero en el municipio de Concordia, Sinaloa, ten\u00eda 26 a\u00f1os de edad al momento de su desaparici\u00f3n. Hasta el mes de febrero, las autoridades federales solamente reportaron la localizaci\u00f3n de algunos cuerpos de mineros desaparecidos ese mismo d\u00eda.<\/p>\n\n\n\n<p>La desaparici\u00f3n del joven oaxaque\u00f1o ocurri\u00f3 mientras trabajaba para la empresa CICAR S. A. de C. V. Ese mismo d\u00eda, desaparecieron tambi\u00e9n varios empleados en una minera, de acuerdo con reportes de autoridades y la asociaci\u00f3n civil Cedhapi y de las autoridades federales.<\/p>\n","protected":false},"excerpt":{"rendered":"<p>Lisbeth Mej\u00eda Reyes\/Zona Roja. Oaxaca, Oax., a 15 de marzo de 2026.- La desaparici\u00f3n forzada&hellip;<\/p>\n","protected":false},"author":2,"featured_media":89931,"comment_status":"closed","ping_status":"open","sticky":false,"template":"","format":"standard","meta":{"_lmt_disableupdate":"","_lmt_disable":"","_jetpack_memberships_contains_paid_content":false,"footnotes":""},"categories":[109,46],"tags":[4650],"class_list":["post-91248","post","type-post","status-publish","format-standard","has-post-thumbnail","hentry","category-minuto-a-minuto","category-zona-blanca","tag-pablo-osorio-sanchez"],"jetpack_featured_media_url":"https:\/\/zonaroja.com.mx\/wp-content\/uploads\/2026\/02\/Pablo-Osorio-desaparecido-Tlaxiaco-Concordia-Sinaloa.jpg","jetpack_sharing_enabled":true,"_links":{"self":[{"href":"https:\/\/zonaroja.com.mx\/index.php?rest_route=\/wp\/v2\/posts\/91248","targetHints":{"allow":["GET"]}}],"collection":[{"href":"https:\/\/zonaroja.com.mx\/index.php?rest_route=\/wp\/v2\/posts"}],"about":[{"href":"https:\/\/zonaroja.com.mx\/index.php?rest_route=\/wp\/v2\/types\/post"}],"author":[{"embeddable":true,"href":"https:\/\/zonaroja.com.mx\/index.php?rest_route=\/wp\/v2\/users\/2"}],"replies":[{"embeddable":true,"href":"https:\/\/zonaroja.com.mx\/index.php?rest_route=%2Fwp%2Fv2%2Fcomments&post=91248"}],"version-history":[{"count":1,"href":"https:\/\/zonaroja.com.mx\/index.php?rest_route=\/wp\/v2\/posts\/91248\/revisions"}],"predecessor-version":[{"id":91249,"href":"https:\/\/zonaroja.com.mx\/index.php?rest_route=\/wp\/v2\/posts\/91248\/revisions\/91249"}],"wp:featuredmedia":[{"embeddable":true,"href":"https:\/\/zonaroja.com.mx\/index.php?rest_route=\/wp\/v2\/media\/89931"}],"wp:attachment":[{"href":"https:\/\/zonaroja.com.mx\/index.php?rest_route=%2Fwp%2Fv2%2Fmedia&parent=91248"}],"wp:term":[{"taxonomy":"category","embeddable":true,"href":"https:\/\/zonaroja.com.mx\/index.php?rest_route=%2Fwp%2Fv2%2Fcategories&post=91248"},{"taxonomy":"post_tag","embeddable":true,"href":"https:\/\/zonaroja.com.mx\/index.php?rest_route=%2Fwp%2Fv2%2Ftags&post=91248"}],"curies":[{"name":"wp","href":"https:\/\/api.w.org\/{rel}","templated":true}]}}