{"id":91256,"date":"2026-03-15T15:13:00","date_gmt":"2026-03-15T21:13:00","guid":{"rendered":"https:\/\/zonaroja.com.mx\/?p=91256"},"modified":"2026-03-15T07:14:45","modified_gmt":"2026-03-15T13:14:45","slug":"entrega-el-congreso-reconocimiento-al-grupo-de-productores-de-cafe-de-yucuhiti","status":"publish","type":"post","link":"https:\/\/zonaroja.com.mx\/?p=91256","title":{"rendered":"Entrega el Congreso reconocimiento al Grupo de Productores de Caf\u00e9 de Yucuhiti"},"content":{"rendered":"\n<p>Redacci\u00f3n\/Zona Roja.<\/p>\n\n\n\n<p>Oaxaca, Oax., a 15 de marzo de 2026.- Con el objetivo de reconocer el trabajo, la dedicaci\u00f3n y el compromiso de las y los cafeticultores de la regi\u00f3n Mixteca, el Congreso del Estado otorg\u00f3 un reconocimiento p\u00fablico al grupo de Productores de Caf\u00e9 Especial de Santa Mar\u00eda Yucuhiti, quienes han logrado posicionar la calidad de su grano en importantes cert\u00e1menes nacionales.<\/p>\n\n\n\n<p>El acto, realizado en el marco de la reciente sesi\u00f3n ordinaria, estuvo encabezado por la presidenta de la Junta de Coordinaci\u00f3n Pol\u00edtica (Jucopo), diputada Tania Caballero Navarro; la presidenta de la Mesa Directiva, legisladora Eva Diego Cruz; y el diputado Israel L\u00f3pez S\u00e1nchez, integrante del Grupo Parlamentario de Morena y promotor de este reconocimiento.<\/p>\n\n\n\n<p>Ante el Pleno, el legislador L\u00f3pez S\u00e1nchez se\u00f1al\u00f3 que esta distinci\u00f3n responde a los \u00e9xitos obtenidos por el grupo, particularmente tras alcanzar el sexto lugar en el 12\u00b0 Certamen \u00abTaza de Excelencia M\u00e9xico 2025\u00bb, en la categor\u00eda experimental, as\u00ed como el primer lugar entre m\u00e1s de 650 muestras en la Convenci\u00f3n del Caf\u00e9 Oaxaque\u00f1o 2025.<\/p>\n\n\n\n<p>Destac\u00f3 que, en Santa Mar\u00eda Yucuhiti, el caf\u00e9 se cultiva en zonas boscosas alejadas de \u00e1reas urbanas y rutas comerciales tradicionales. All\u00ed, las y los productores cuidan el entorno natural y trabajan con profundo respeto por la tierra, lo que se traduce en una calidad excepcional del grano.<\/p>\n\n\n\n<p>Refiri\u00f3 que \u201cdesde la casa del pueblo se abre el espacio para reconocer el esfuerzo de quienes impulsan el desarrollo productivo y sustentable de las comunidades\u201d.<\/p>\n\n\n\n<p>Por su parte, la diputada Caballero Navarro manifest\u00f3 la importancia de honrar la dedicaci\u00f3n de las familias de la Mixteca, resaltando que su caf\u00e9 representa con orgullo a Oaxaca a nivel nacional. Asimismo, reafirm\u00f3 el compromiso del Congreso para incentivar esta actividad y trabajar en pol\u00edticas que respalden a los productores locales.<\/p>\n\n\n\n<p>El reconocimiento fue entregado al productor y t\u00e9cnico cafetalero, Heladio Garc\u00eda Espa\u00f1a; al presidente municipal de Santa Mar\u00eda Yucuhiti, Epifanio Alfredo Garc\u00eda Garc\u00eda; y a las 26 personas productoras que conforman la organizaci\u00f3n.<\/p>\n\n\n\n<p>Cabe destacar que este grupo se integr\u00f3 en 2023 con habitantes de seis comunidades del municipio, quienes iniciaron el proyecto \u201cVida y Campo\u201d. Dicha iniciativa se enfoca en mejorar la producci\u00f3n mediante la instalaci\u00f3n de secadores solares, capacitaci\u00f3n t\u00e9cnica y la b\u00fasqueda de nuevas rutas de comercializaci\u00f3n.<\/p>\n","protected":false},"excerpt":{"rendered":"<p>Redacci\u00f3n\/Zona Roja. Oaxaca, Oax., a 15 de marzo de 2026.- Con el objetivo de reconocer&hellip;<\/p>\n","protected":false},"author":2,"featured_media":91257,"comment_status":"closed","ping_status":"open","sticky":false,"template":"","format":"standard","meta":{"_lmt_disableupdate":"","_lmt_disable":"","_jetpack_memberships_contains_paid_content":false,"footnotes":""},"categories":[109,46],"tags":[303,4127,3753],"class_list":["post-91256","post","type-post","status-publish","format-standard","has-post-thumbnail","hentry","category-minuto-a-minuto","category-zona-blanca","tag-congreso-del-estado-de-oaxaca","tag-israel-lopez-sanchez","tag-santa-maria-yucuhiti"],"jetpack_featured_media_url":"https:\/\/zonaroja.com.mx\/wp-content\/uploads\/2026\/03\/Yucuhiti-Israel-Lopez-Sanchez.jpeg","jetpack_sharing_enabled":true,"_links":{"self":[{"href":"https:\/\/zonaroja.com.mx\/index.php?rest_route=\/wp\/v2\/posts\/91256","targetHints":{"allow":["GET"]}}],"collection":[{"href":"https:\/\/zonaroja.com.mx\/index.php?rest_route=\/wp\/v2\/posts"}],"about":[{"href":"https:\/\/zonaroja.com.mx\/index.php?rest_route=\/wp\/v2\/types\/post"}],"author":[{"embeddable":true,"href":"https:\/\/zonaroja.com.mx\/index.php?rest_route=\/wp\/v2\/users\/2"}],"replies":[{"embeddable":true,"href":"https:\/\/zonaroja.com.mx\/index.php?rest_route=%2Fwp%2Fv2%2Fcomments&post=91256"}],"version-history":[{"count":1,"href":"https:\/\/zonaroja.com.mx\/index.php?rest_route=\/wp\/v2\/posts\/91256\/revisions"}],"predecessor-version":[{"id":91258,"href":"https:\/\/zonaroja.com.mx\/index.php?rest_route=\/wp\/v2\/posts\/91256\/revisions\/91258"}],"wp:featuredmedia":[{"embeddable":true,"href":"https:\/\/zonaroja.com.mx\/index.php?rest_route=\/wp\/v2\/media\/91257"}],"wp:attachment":[{"href":"https:\/\/zonaroja.com.mx\/index.php?rest_route=%2Fwp%2Fv2%2Fmedia&parent=91256"}],"wp:term":[{"taxonomy":"category","embeddable":true,"href":"https:\/\/zonaroja.com.mx\/index.php?rest_route=%2Fwp%2Fv2%2Fcategories&post=91256"},{"taxonomy":"post_tag","embeddable":true,"href":"https:\/\/zonaroja.com.mx\/index.php?rest_route=%2Fwp%2Fv2%2Ftags&post=91256"}],"curies":[{"name":"wp","href":"https:\/\/api.w.org\/{rel}","templated":true}]}}