{"id":91261,"date":"2026-03-15T21:08:08","date_gmt":"2026-03-16T03:08:08","guid":{"rendered":"https:\/\/zonaroja.com.mx\/?p=91261"},"modified":"2026-03-15T21:08:08","modified_gmt":"2026-03-16T03:08:08","slug":"delincuencia-se-burla-otra-vez-de-gabinete-de-seguridad-tres-asesinados-en-istmo","status":"publish","type":"post","link":"https:\/\/zonaroja.com.mx\/?p=91261","title":{"rendered":"Delincuencia se burla otra vez de Gabinete de Seguridad: tres asesinados en Istmo"},"content":{"rendered":"\n<p>Raymundo Morales\/Zona Roja.<\/p>\n\n\n\n<p>Oaxaca, Oax., a 15 de marzo de 2026.- A pesar de que desde hace dos semanas hay m\u00e1s de mil polic\u00edas adicionales en la regi\u00f3n del Istmo, la delincuencia se burl\u00f3 de nuevo del Gabinete de Seguridad de Oaxaca, al perpetrar tres homicidios.<\/p>\n\n\n\n<p>El m\u00e1s reciente hecho ocurri\u00f3 esta tarde en el municipio de Salina Cruz, donde un individuo fue ejecutado a balazos en el interior de su veh\u00edculo, en jurisdicci\u00f3n de la colonia Hidalgo Norte.<\/p>\n\n\n\n<p>De manera preliminar, la v\u00edctima fue identificada como Roberto R. G., quien conduc\u00eda un veh\u00edculo marca Toyota, color gris, con placas de circulaci\u00f3n TMD-818-B.<\/p>\n\n\n\n<p>Durante la tarde tambi\u00e9n, en la calle Enedino Jim\u00e9nez de la colonia La Gloria, Novena Secci\u00f3n de Juchitan de Zaragoza, otro individuo fue ejecutado a balazos.<\/p>\n\n\n\n<p>Seg\u00fan reportes policiacos preliminares, el hombre respondi\u00f3 en vida al nombre de Raymundo L. A., de aproximadamente 28 a\u00f1os de edad y no hay ninguna pista del o de los agresores.<\/p>\n\n\n\n<p>Por la ma\u00f1ana, en un domicilio de la avenida Morelos, Segunda Secci\u00f3n de Juchitan, fue hallado un cuerpo sin vida, con huellas de violencia.<\/p>\n\n\n\n<p>Presuntamente Delmar R. V., de 52 a\u00f1os de edad, habr\u00eda sido asesinado a balazos.<\/p>\n\n\n\n<p>Mientras que por la ma\u00f1ana tambi\u00e9n, un domicilio fue baleado de nueva cuenta, en la calle Independencia de la colonia M\u00e1rtires 31 de Julio, presuntamente por negarse a pagar derecho de piso.<\/p>\n\n\n\n<p>En todos los casos no hay personas detenidas y los elementos policiacos \u00fanicamente llegaron a resguardar la escena del crimen.<\/p>\n","protected":false},"excerpt":{"rendered":"<p>Raymundo Morales\/Zona Roja. Oaxaca, Oax., a 15 de marzo de 2026.- A pesar de que&hellip;<\/p>\n","protected":false},"author":2,"featured_media":90346,"comment_status":"closed","ping_status":"open","sticky":false,"template":"","format":"standard","meta":{"_lmt_disableupdate":"","_lmt_disable":"","_jetpack_memberships_contains_paid_content":false,"footnotes":""},"categories":[109,51],"tags":[4053,297],"class_list":["post-91261","post","type-post","status-publish","format-standard","has-post-thumbnail","hentry","category-minuto-a-minuto","category-zona-roja","tag-asesinato-salina-cruz","tag-ejecutado-juchitan"],"jetpack_featured_media_url":"https:\/\/zonaroja.com.mx\/wp-content\/uploads\/2026\/02\/Escena-del-crimen.jpeg","jetpack_sharing_enabled":true,"_links":{"self":[{"href":"https:\/\/zonaroja.com.mx\/index.php?rest_route=\/wp\/v2\/posts\/91261","targetHints":{"allow":["GET"]}}],"collection":[{"href":"https:\/\/zonaroja.com.mx\/index.php?rest_route=\/wp\/v2\/posts"}],"about":[{"href":"https:\/\/zonaroja.com.mx\/index.php?rest_route=\/wp\/v2\/types\/post"}],"author":[{"embeddable":true,"href":"https:\/\/zonaroja.com.mx\/index.php?rest_route=\/wp\/v2\/users\/2"}],"replies":[{"embeddable":true,"href":"https:\/\/zonaroja.com.mx\/index.php?rest_route=%2Fwp%2Fv2%2Fcomments&post=91261"}],"version-history":[{"count":1,"href":"https:\/\/zonaroja.com.mx\/index.php?rest_route=\/wp\/v2\/posts\/91261\/revisions"}],"predecessor-version":[{"id":91262,"href":"https:\/\/zonaroja.com.mx\/index.php?rest_route=\/wp\/v2\/posts\/91261\/revisions\/91262"}],"wp:featuredmedia":[{"embeddable":true,"href":"https:\/\/zonaroja.com.mx\/index.php?rest_route=\/wp\/v2\/media\/90346"}],"wp:attachment":[{"href":"https:\/\/zonaroja.com.mx\/index.php?rest_route=%2Fwp%2Fv2%2Fmedia&parent=91261"}],"wp:term":[{"taxonomy":"category","embeddable":true,"href":"https:\/\/zonaroja.com.mx\/index.php?rest_route=%2Fwp%2Fv2%2Fcategories&post=91261"},{"taxonomy":"post_tag","embeddable":true,"href":"https:\/\/zonaroja.com.mx\/index.php?rest_route=%2Fwp%2Fv2%2Ftags&post=91261"}],"curies":[{"name":"wp","href":"https:\/\/api.w.org\/{rel}","templated":true}]}}