{"id":91263,"date":"2026-03-16T07:24:34","date_gmt":"2026-03-16T13:24:34","guid":{"rendered":"https:\/\/zonaroja.com.mx\/?p=91263"},"modified":"2026-03-16T07:24:35","modified_gmt":"2026-03-16T13:24:35","slug":"denuncian-agresion-armada-en-guerrero-grande-atatlahuca","status":"publish","type":"post","link":"https:\/\/zonaroja.com.mx\/?p=91263","title":{"rendered":"Denuncian agresi\u00f3n armada en Guerrero Grande, Atatlahuca\u00a0"},"content":{"rendered":"\n<p>Ismael Garc\u00eda M.\/Zona Roja.<\/p>\n\n\n\n<p>Oaxaca, Oax., a 16 de marzo de 2026.- La autoridad auxiliar y el organismo civil Centro de Derechos Humanos y Asesor\u00eda a Pueblos Indigenas (Cedhapi) denunciaron una incursi\u00f3n y agresi\u00f3n armada a la agencia de Guerrero Grande, San Esteban Atatlahuca, en la regi\u00f3n Mixteca.<\/p>\n\n\n\n<p>En un comunicado emitido anoche, la agenta municipal Eustaquia Sandoval Galindo denunci\u00f3 que la tarde-noche de ayer domingo, personas armadas ingresaron a la comunidad realizando disparos, tanto desde los accesos principales como desde la azotea de un domicilio particular de un ciudadano plenamente identificado.<\/p>\n\n\n\n<p>\u201cLa autoridad advierte que existe alto riesgo de agresi\u00f3n armada contra los habitantes, entre ellos mujeres, ni\u00f1os y personas mayores. Se escuchan disparos y se observan luces de veh\u00edculos y l\u00e1mparas en movimiento\u201d, agreg\u00f3 el Cedhapi.<\/p>\n\n\n\n<p>Por ello, demand\u00f3 la intervenci\u00f3n urgente de la Polic\u00eda Estatal y de la Guardia Nacional, con la finalidad de proteger la integridad f\u00edsica de la poblaci\u00f3n.&nbsp;<\/p>\n\n\n\n<p>Desde el a\u00f1o 2021 se ha denunciado una serie de ataques presuntamente por parte de la cabecera municipal, Atatlahuaca, contra al menos tres agencias, entre ellas Guerrero Grande.<\/p>\n\n\n\n<p>Ello ha dejado varias personas asesinadas, viviendas quemadas y familias desplazadas.<\/p>\n\n\n\n<p>En octubre de ese a\u00f1o se denunci\u00f3 asimismo la desaparici\u00f3n de la activista Irma Galindo, defensora de los bosques en San Esteban Atatlahuca y quien fue vista por \u00faltima vez en la Ciudad de M\u00e9xico; hasta ahora se desconoce su paradero.<\/p>\n","protected":false},"excerpt":{"rendered":"<p>Ismael Garc\u00eda M.\/Zona Roja. Oaxaca, Oax., a 16 de marzo de 2026.- La autoridad auxiliar&hellip;<\/p>\n","protected":false},"author":2,"featured_media":83981,"comment_status":"closed","ping_status":"open","sticky":false,"template":"","format":"standard","meta":{"_lmt_disableupdate":"","_lmt_disable":"","_jetpack_memberships_contains_paid_content":false,"footnotes":""},"categories":[109,47],"tags":[1025],"class_list":["post-91263","post","type-post","status-publish","format-standard","has-post-thumbnail","hentry","category-minuto-a-minuto","category-zona-gris","tag-san-esteban-atatlahuca"],"jetpack_featured_media_url":"https:\/\/zonaroja.com.mx\/wp-content\/uploads\/2025\/08\/San-Esteban-Atatlahuca.webp","jetpack_sharing_enabled":true,"_links":{"self":[{"href":"https:\/\/zonaroja.com.mx\/index.php?rest_route=\/wp\/v2\/posts\/91263","targetHints":{"allow":["GET"]}}],"collection":[{"href":"https:\/\/zonaroja.com.mx\/index.php?rest_route=\/wp\/v2\/posts"}],"about":[{"href":"https:\/\/zonaroja.com.mx\/index.php?rest_route=\/wp\/v2\/types\/post"}],"author":[{"embeddable":true,"href":"https:\/\/zonaroja.com.mx\/index.php?rest_route=\/wp\/v2\/users\/2"}],"replies":[{"embeddable":true,"href":"https:\/\/zonaroja.com.mx\/index.php?rest_route=%2Fwp%2Fv2%2Fcomments&post=91263"}],"version-history":[{"count":1,"href":"https:\/\/zonaroja.com.mx\/index.php?rest_route=\/wp\/v2\/posts\/91263\/revisions"}],"predecessor-version":[{"id":91264,"href":"https:\/\/zonaroja.com.mx\/index.php?rest_route=\/wp\/v2\/posts\/91263\/revisions\/91264"}],"wp:featuredmedia":[{"embeddable":true,"href":"https:\/\/zonaroja.com.mx\/index.php?rest_route=\/wp\/v2\/media\/83981"}],"wp:attachment":[{"href":"https:\/\/zonaroja.com.mx\/index.php?rest_route=%2Fwp%2Fv2%2Fmedia&parent=91263"}],"wp:term":[{"taxonomy":"category","embeddable":true,"href":"https:\/\/zonaroja.com.mx\/index.php?rest_route=%2Fwp%2Fv2%2Fcategories&post=91263"},{"taxonomy":"post_tag","embeddable":true,"href":"https:\/\/zonaroja.com.mx\/index.php?rest_route=%2Fwp%2Fv2%2Ftags&post=91263"}],"curies":[{"name":"wp","href":"https:\/\/api.w.org\/{rel}","templated":true}]}}