{"id":91267,"date":"2026-03-16T08:01:47","date_gmt":"2026-03-16T14:01:47","guid":{"rendered":"https:\/\/zonaroja.com.mx\/?p=91267"},"modified":"2026-03-16T08:01:49","modified_gmt":"2026-03-16T14:01:49","slug":"regresan-a-clases-en-amoltepec-seis-meses-despues","status":"publish","type":"post","link":"https:\/\/zonaroja.com.mx\/?p=91267","title":{"rendered":"Regresan a clases en Amoltepec\u2026 \u00a1seis meses despu\u00e9s!"},"content":{"rendered":"\n<p>Ismael Garc\u00eda M.\/Zona Roja. Foto: Archivo.<\/p>\n\n\n\n<p>Oaxaca, Oax., a 16 de marzo de 2026.- Medio a\u00f1o despu\u00e9s, docentes de la Secci\u00f3n 22 del Sindicato Nacional de Trabajadores de la Educaci\u00f3n regresar\u00e1n a clases en Santiago Amoltepec, regi\u00f3n Sierra Sur.<\/p>\n\n\n\n<p>Ayer el sector Zimatl\u00e1n de la gremial dio el banderazo de salida de las y los profesores que regresar\u00e1n a ese municipio, tras diversos incidentes violentos y la grave inseguridad en la zona.<\/p>\n\n\n\n<p>\u201cDespu\u00e9s de aproximadamente seis meses de conflicto entre las comunidades de Santiago Amoltepec y Santa Mar\u00eda Zaniza, se logr\u00f3 alcanzar un acuerdo que permite abrir una brecha como ruta provisional de acceso a la comunidad.&nbsp;<\/p>\n\n\n\n<p>\u201cEsta v\u00eda facilitar\u00e1 el tr\u00e1nsito en un lapso de algunos meses mientras se consolida una ruta m\u00e1s corta y segura que garantice el libre tr\u00e1nsito para toda la poblaci\u00f3n.<\/p>\n\n\n\n<p>\u201cAnte este avance, las y los docentes reafirmaron su compromiso con la educaci\u00f3n de las ni\u00f1as, ni\u00f1os y j\u00f3venes de la regi\u00f3n, anunciando la reincorporaci\u00f3n a las actividades escolares en todos los niveles educativos presentes en la comunidad: preescolar y primaria de educaci\u00f3n ind\u00edgena, telesecundaria, secundaria general y secundaria t\u00e9cnica\u201d, destac\u00f3 la Secci\u00f3n 22 en un comunicado.<\/p>\n\n\n\n<p>Asegur\u00f3 que, con el banderazo de salid de ayer, se refrenda la convicci\u00f3n del magisterio democr\u00e1tico de continuar garantizando el derecho a la educaci\u00f3n de los pueblos originarios, fortaleciendo la organizaci\u00f3n comunitaria y el trabajo educativo en beneficio de las comunidades.<\/p>\n\n\n\n<p>Fue hasta que asesinaron a al menos cuatro docentes, en distintos hechos, en que el magisterio decidi\u00f3 no enviar m\u00e1s a las y los maestros a Amoltepec, debido a las graves condiciones de inseguridad.<\/p>\n\n\n\n<p>Ello oblig\u00f3 a la Secretar\u00eda de Seguridad P\u00fablica a reforzar la vigilancia en la zona, tanto por el conflicto agrario con pueblos vecinos, como por los hechos violentos en la propia cabecera de Amoltepec.<\/p>\n","protected":false},"excerpt":{"rendered":"<p>Ismael Garc\u00eda M.\/Zona Roja. Foto: Archivo. Oaxaca, Oax., a 16 de marzo de 2026.- Medio&hellip;<\/p>\n","protected":false},"author":2,"featured_media":91268,"comment_status":"closed","ping_status":"open","sticky":false,"template":"","format":"standard","meta":{"_lmt_disableupdate":"","_lmt_disable":"","_jetpack_memberships_contains_paid_content":false,"footnotes":""},"categories":[109,47],"tags":[312],"class_list":["post-91267","post","type-post","status-publish","format-standard","has-post-thumbnail","hentry","category-minuto-a-minuto","category-zona-gris","tag-seccion-22-del-snte"],"jetpack_featured_media_url":"https:\/\/zonaroja.com.mx\/wp-content\/uploads\/2026\/03\/Seccion-22-violencia-Amoltepec.jpg","jetpack_sharing_enabled":true,"_links":{"self":[{"href":"https:\/\/zonaroja.com.mx\/index.php?rest_route=\/wp\/v2\/posts\/91267","targetHints":{"allow":["GET"]}}],"collection":[{"href":"https:\/\/zonaroja.com.mx\/index.php?rest_route=\/wp\/v2\/posts"}],"about":[{"href":"https:\/\/zonaroja.com.mx\/index.php?rest_route=\/wp\/v2\/types\/post"}],"author":[{"embeddable":true,"href":"https:\/\/zonaroja.com.mx\/index.php?rest_route=\/wp\/v2\/users\/2"}],"replies":[{"embeddable":true,"href":"https:\/\/zonaroja.com.mx\/index.php?rest_route=%2Fwp%2Fv2%2Fcomments&post=91267"}],"version-history":[{"count":1,"href":"https:\/\/zonaroja.com.mx\/index.php?rest_route=\/wp\/v2\/posts\/91267\/revisions"}],"predecessor-version":[{"id":91269,"href":"https:\/\/zonaroja.com.mx\/index.php?rest_route=\/wp\/v2\/posts\/91267\/revisions\/91269"}],"wp:featuredmedia":[{"embeddable":true,"href":"https:\/\/zonaroja.com.mx\/index.php?rest_route=\/wp\/v2\/media\/91268"}],"wp:attachment":[{"href":"https:\/\/zonaroja.com.mx\/index.php?rest_route=%2Fwp%2Fv2%2Fmedia&parent=91267"}],"wp:term":[{"taxonomy":"category","embeddable":true,"href":"https:\/\/zonaroja.com.mx\/index.php?rest_route=%2Fwp%2Fv2%2Fcategories&post=91267"},{"taxonomy":"post_tag","embeddable":true,"href":"https:\/\/zonaroja.com.mx\/index.php?rest_route=%2Fwp%2Fv2%2Ftags&post=91267"}],"curies":[{"name":"wp","href":"https:\/\/api.w.org\/{rel}","templated":true}]}}