{"id":9127,"date":"2020-02-24T15:21:21","date_gmt":"2020-02-24T21:21:21","guid":{"rendered":"https:\/\/www.zonaroja.com.mx\/?p=9127"},"modified":"2020-02-24T15:21:22","modified_gmt":"2020-02-24T21:21:22","slug":"en-oaxaca-reclaman-que-partidos-politicos-y-funcionarios-promuevan-el-paro-de-mujeres","status":"publish","type":"post","link":"https:\/\/zonaroja.com.mx\/?p=9127","title":{"rendered":"En Oaxaca reclaman que partidos pol\u00edticos y funcionarios promuevan el paro de mujeres"},"content":{"rendered":"\n<p>Evlin Arag\u00f3n\/Zona Roja. <\/p>\n\n\n\n<p>Oaxaca de Ju\u00e1rez, Oax., 24 de febrero de 2020.- Activistas y grupos feministas en Oaxaca reclamaron que partidos e integrantes de la administraci\u00f3n p\u00fablica busquen apropiarse de la iniciativa del Paro Nacional de Mujeres, promovido para el pr\u00f3ximo <a href=\"\/\/0\">9 de marzo<\/a>, desconociendo el fondo de la problem\u00e1tica y utilizando la lucha feminista para figurar en los medios de comunicaci\u00f3n. <\/p>\n\n\n\n<p>As\u00ed lo expusieron integrantes del colectivo Feministas Oaxaca, quienes rechazaron que Ana V\u00e1squez Colmenares, secretaria de las Mujeres en el gobierno actual; Mirna L\u00f3pez Torres, regidora del ayuntamiento capitalino, y la dirigencia estatal del PRI e integrantes de Morena, se incluyan en el Paro Nacional, cuando utilizan un doble discurso y no abonan en la lucha por los derechos de las oaxaque\u00f1as.<\/p>\n\n\n\n<p>Recordaron que la iniciativa surgi\u00f3 del movimiento feminista, el cual es aut\u00f3nomo y se ha mantenido en exigencia constante de un alto a la violencia de g\u00e9nero y feminicida, acci\u00f3n que no hacen las personas y organismos que se quieren \u201ccolgar\u201d de la actividad para pronunciarse medi\u00e1ticamente pero no asumir su responsabilidad en la problem\u00e1tica que enfrenta el estado y el pa\u00eds. <\/p>\n\n\n\n<p>\u201cEn Oaxaca es lamentable que personajes pol\u00edticos est\u00e9n \u2018convocando\u2019 al paro. Desconocen y\/o no les interesa reconocer que el movimiento feminista en Oaxaca es aut\u00f3nomo, hablamos de las mujeres que salen a marchar, a protestar, las que exigen al gobierno un alto a las violencias machistas\u201d, manifestaron. <\/p>\n\n\n\n<p>Cuestionaron que Ana V\u00e1squez Colmenares se adhiera al paro cuando es precisamente su \u00e1rea la encargada de tranversalizar la perspectiva de g\u00e9nero en la administraci\u00f3n p\u00fablica, a fin de garantizar la Ley de Acceso a una Vida Libre de Violencia hacia las Mujeres vigente en la entidad. <\/p>\n\n\n\n<p>As\u00ed mismo, ha sido la encargada de coordinar las acciones derivadas de la Alerta de Violencia de G\u00e9nero declarada para 40 municipios de la entidad, mismas que no han podido reducir los actos violentos en contra de las mujeres en estas localidades y mucho menos marcar un referente para frenar los feminicidios, prueba de ello los 184 casos que se han registrado en Oaxaca tras la declaraci\u00f3n el 30 de agosto del 2018.<\/p>\n\n\n\n<p>Hacemos un en\u00e9rgico llamado a la Secretaria de la mujer en Oaxaca #SMO #AnaVasquezColmenares que no ocupe ni se sirva del movimiento feminista, \u00a1t\u00fa no nos representas!\u201d, refiere su comunicado difundido. <\/p>\n\n\n\n<p>En este mismo sentido criticaron a la regidora de Derechos Humanos e Igualdad del municipio de Oaxaca de Ju\u00e1rez, Mirna L\u00f3pez Torres, a quien se\u00f1alaron de pertenecer a uno de los partidos m\u00e1s conservadores y que en todo momento se han opuesto a la garant\u00eda de los derechos de las mujeres como la despenalizaci\u00f3n del aborto.<\/p>\n\n\n\n<p>\u201cExigimos a #MirnaL\u00f3pezTorres a que deje su doble discurso de lado, ella al igual que su Partido Acci\u00f3n Nacional (PAN) ha realizado acciones en contra de las mujeres por el derecho a decidir, desde una postura moralina y religiosa. \u00a1T\u00fa no nos representas!\u201d, sentenciaron. <\/p>\n\n\n\n<p>Finalmente cuestionaron a mujeres priistas que se han pronunciado a favor de Paro Nacional pero se quedaron calladas ante el ataque con \u00e1cido hacia la saxofonista Mar\u00eda Elena R\u00edos Ortiz, del cual es acusado Juan Vera Carrizal, integrante activo de su partido hasta hace unos d\u00edas. <\/p>\n\n\n\n<p>As\u00ed como a las diputadas de Morena que han permitido que sus colabores o compa\u00f1eros legisladores acosen y violenten a las trabajadoras al interior del Congreso local, quienes aseguran tampoco representan a la lucha feminista. <br><\/p>\n\n\n\n<p>Recordaron que la iniciativa es de car\u00e1cter ciudadana, surgida de un colectivo veracruzano que busca evidenciar los niveles de violencia de g\u00e9nero y feminicida en el pa\u00eds, misma que ha trascendido a nivel internacional ante feminicidios como los de Abril, Ingrid y la ni\u00f1a F\u00e1tima Cecilia, que recientemente indignaron a la sociedad mexicana.<\/p>\n\n\n\n<p>Las feministas exigimos que los partidos pol\u00edticos dejen de pronunciarse en favor del paro de labores del d\u00eda <a href=\"\/\/2\">9 de marzo<\/a>. Dejen de politizar y mercantilizar con nuestro movimiento. \u00a1Es paro, no permiso. Es causa, no producto!\u201d, concluyeron. <\/p>\n","protected":false},"excerpt":{"rendered":"<p>Evlin Arag\u00f3n\/Zona Roja. Oaxaca de Ju\u00e1rez, Oax., 24 de febrero de 2020.- Activistas y grupos&hellip;<\/p>\n","protected":false},"author":2,"featured_media":9126,"comment_status":"closed","ping_status":"open","sticky":false,"template":"","format":"standard","meta":{"_lmt_disableupdate":"","_lmt_disable":"","_jetpack_memberships_contains_paid_content":false,"footnotes":""},"categories":[109,47],"tags":[],"class_list":["post-9127","post","type-post","status-publish","format-standard","has-post-thumbnail","hentry","category-minuto-a-minuto","category-zona-gris"],"jetpack_featured_media_url":"https:\/\/zonaroja.com.mx\/wp-content\/uploads\/2020\/02\/img_1440-1.jpg","jetpack_sharing_enabled":true,"_links":{"self":[{"href":"https:\/\/zonaroja.com.mx\/index.php?rest_route=\/wp\/v2\/posts\/9127","targetHints":{"allow":["GET"]}}],"collection":[{"href":"https:\/\/zonaroja.com.mx\/index.php?rest_route=\/wp\/v2\/posts"}],"about":[{"href":"https:\/\/zonaroja.com.mx\/index.php?rest_route=\/wp\/v2\/types\/post"}],"author":[{"embeddable":true,"href":"https:\/\/zonaroja.com.mx\/index.php?rest_route=\/wp\/v2\/users\/2"}],"replies":[{"embeddable":true,"href":"https:\/\/zonaroja.com.mx\/index.php?rest_route=%2Fwp%2Fv2%2Fcomments&post=9127"}],"version-history":[{"count":1,"href":"https:\/\/zonaroja.com.mx\/index.php?rest_route=\/wp\/v2\/posts\/9127\/revisions"}],"predecessor-version":[{"id":9128,"href":"https:\/\/zonaroja.com.mx\/index.php?rest_route=\/wp\/v2\/posts\/9127\/revisions\/9128"}],"wp:featuredmedia":[{"embeddable":true,"href":"https:\/\/zonaroja.com.mx\/index.php?rest_route=\/wp\/v2\/media\/9126"}],"wp:attachment":[{"href":"https:\/\/zonaroja.com.mx\/index.php?rest_route=%2Fwp%2Fv2%2Fmedia&parent=9127"}],"wp:term":[{"taxonomy":"category","embeddable":true,"href":"https:\/\/zonaroja.com.mx\/index.php?rest_route=%2Fwp%2Fv2%2Fcategories&post=9127"},{"taxonomy":"post_tag","embeddable":true,"href":"https:\/\/zonaroja.com.mx\/index.php?rest_route=%2Fwp%2Fv2%2Ftags&post=9127"}],"curies":[{"name":"wp","href":"https:\/\/api.w.org\/{rel}","templated":true}]}}