{"id":91273,"date":"2026-03-16T11:15:00","date_gmt":"2026-03-16T17:15:00","guid":{"rendered":"https:\/\/zonaroja.com.mx\/?p=91273"},"modified":"2026-03-16T12:04:10","modified_gmt":"2026-03-16T18:04:10","slug":"aumenta-a-cinco-el-numero-de-victimas-mortales-en-accidente-de-guelatao","status":"publish","type":"post","link":"https:\/\/zonaroja.com.mx\/?p=91273","title":{"rendered":"Se mantiene en cuatro el n\u00famero de v\u00edctimas mortales en accidente de Guelatao"},"content":{"rendered":"\n<p>Raymundo Morales\/Zona Roja.<\/p>\n\n\n\n<p>Oaxaca, Oax., a 16 de marzo de 2026.- De acuerdo con versiones extraoficiales, a cinco aument\u00f3 el n\u00famero de personas fallecidas a causa del accidente de un cami\u00f3n tipo trocero ocurrido el pasado s\u00e1bado en el crucero de acceso a Guelatao de Ju\u00e1rez, mientras se realizaba un torneo regional de b\u00e1squetbol.<\/p>\n\n\n\n<p>No obstante, esta ma\u00f1ana el titular de Protecci\u00f3n Civil de Oaxaca, Manuel Maza S\u00e1nchez, indic\u00f3 que oficialmente son cuatro fallecidos. <\/p>\n\n\n\n<p>Otras de las v\u00edctimas identificadas es Samuel Ju\u00e1rez Mart\u00ednez, egresado de la carrera de Agricultura Sustentable y Protegida de la Universidad Tecnol\u00f3gica de los Valles Centrales.<\/p>\n\n\n\n<p>Asimismo, el ayuntamiento de Ixtl\u00e1n de Ju\u00e1rez emiti\u00f3 sus condolencias por el fallecimiento de Felipe Ram\u00edrez P\u00e9rez.<\/p>\n\n\n\n<p>Como se inform\u00f3, otras dos v\u00edctimas son Victoriano Evodio Cruz Cruz, quien fuera catedr\u00e1tico del Instituto Tecnol\u00f3gico de Pinotepa Nacional, y su esposa Matilde P\u00e9rez Vargas.<\/p>\n\n\n\n<p>Ayer por la tarde, la Fiscal\u00eda General del Estado de Oaxaca emiti\u00f3 una tarjeta informativa en que detall\u00f3 que, de acuerdo con las primeras diligencias y peritajes, el percance se registr\u00f3 en la calle Reforma, esquina con la carretera federal, donde un cami\u00f3n de plataforma perdi\u00f3 el control y se impact\u00f3 contra un domicilio particular habilitado como tienda. En el interior del inmueble falleci\u00f3 una mujer adulta mayor.<\/p>\n\n\n\n<p>\u201cLos trabajos iniciales permitieron establecer un saldo preliminar de cuatro personas sin vida \u2014entre ellas el conductor de la unidad\u2014 as\u00ed como personas lesionadas.<\/p>\n\n\n\n<p>\u201cAnte estos hechos, la FGEO brinda acompa\u00f1amiento a las familias de las v\u00edctimas e intensifica las labores legales y periciales para esclarecer lo ocurrido y establecer las responsabilidades por este accidente\u201d.<\/p>\n\n\n\n<p>Ayer tambi\u00e9n, el coordinador de Protecci\u00f3n Civil de Oaxaca, Manuel Maza S\u00e1nchez, dio a conocer el saldo fatal y que las instituciones del Estado prestaron auxilio pronto a las v\u00edctimas, entre ellas personas que presenciaban el torno de b\u00e1squetbol de la Copa Benito Ju\u00e1rez, que se realiza en el marco del Natalio del Benem\u00e9rito de las Am\u00e9ricas.<\/p>\n","protected":false},"excerpt":{"rendered":"<p>Raymundo Morales\/Zona Roja. Oaxaca, Oax., a 16 de marzo de 2026.- De acuerdo con versiones&hellip;<\/p>\n","protected":false},"author":2,"featured_media":91275,"comment_status":"closed","ping_status":"open","sticky":false,"template":"","format":"standard","meta":{"_lmt_disableupdate":"","_lmt_disable":"","_jetpack_memberships_contains_paid_content":false,"footnotes":""},"categories":[109,47],"tags":[1845],"class_list":["post-91273","post","type-post","status-publish","format-standard","has-post-thumbnail","hentry","category-minuto-a-minuto","category-zona-gris","tag-guelatao-de-juarez"],"jetpack_featured_media_url":"https:\/\/zonaroja.com.mx\/wp-content\/uploads\/2026\/03\/Accidente-Guelatao-Oaxaca-trocero.jpg","jetpack_sharing_enabled":true,"_links":{"self":[{"href":"https:\/\/zonaroja.com.mx\/index.php?rest_route=\/wp\/v2\/posts\/91273","targetHints":{"allow":["GET"]}}],"collection":[{"href":"https:\/\/zonaroja.com.mx\/index.php?rest_route=\/wp\/v2\/posts"}],"about":[{"href":"https:\/\/zonaroja.com.mx\/index.php?rest_route=\/wp\/v2\/types\/post"}],"author":[{"embeddable":true,"href":"https:\/\/zonaroja.com.mx\/index.php?rest_route=\/wp\/v2\/users\/2"}],"replies":[{"embeddable":true,"href":"https:\/\/zonaroja.com.mx\/index.php?rest_route=%2Fwp%2Fv2%2Fcomments&post=91273"}],"version-history":[{"count":2,"href":"https:\/\/zonaroja.com.mx\/index.php?rest_route=\/wp\/v2\/posts\/91273\/revisions"}],"predecessor-version":[{"id":91282,"href":"https:\/\/zonaroja.com.mx\/index.php?rest_route=\/wp\/v2\/posts\/91273\/revisions\/91282"}],"wp:featuredmedia":[{"embeddable":true,"href":"https:\/\/zonaroja.com.mx\/index.php?rest_route=\/wp\/v2\/media\/91275"}],"wp:attachment":[{"href":"https:\/\/zonaroja.com.mx\/index.php?rest_route=%2Fwp%2Fv2%2Fmedia&parent=91273"}],"wp:term":[{"taxonomy":"category","embeddable":true,"href":"https:\/\/zonaroja.com.mx\/index.php?rest_route=%2Fwp%2Fv2%2Fcategories&post=91273"},{"taxonomy":"post_tag","embeddable":true,"href":"https:\/\/zonaroja.com.mx\/index.php?rest_route=%2Fwp%2Fv2%2Ftags&post=91273"}],"curies":[{"name":"wp","href":"https:\/\/api.w.org\/{rel}","templated":true}]}}