{"id":91277,"date":"2026-03-16T12:26:00","date_gmt":"2026-03-16T18:26:00","guid":{"rendered":"https:\/\/zonaroja.com.mx\/?p=91277"},"modified":"2026-03-16T08:30:41","modified_gmt":"2026-03-16T14:30:41","slug":"anuncia-trump-que-con-cuba-se-alcanzara-un-acuerdo-muy-pronto","status":"publish","type":"post","link":"https:\/\/zonaroja.com.mx\/?p=91277","title":{"rendered":"Anuncia Trump que con Cuba se alcanzar\u00e1 un acuerdo \u201cmuy pronto\u201d"},"content":{"rendered":"\n<p>Redacci\u00f3n\/Zona Roja.<\/p>\n\n\n\n<p>(Informaci\u00f3n de \u201cLa Jornada\u201d)<\/p>\n\n\n\n<p>Ciudad de M\u00e9xico, a 16 de marzo de 2026.-&nbsp; El presidente de Estados Unidos, Donald Trump, reiter\u00f3 anoche que Cuba desea cerrar un acuerdo con Estados Unidos, que seg\u00fan \u00e9l se alcanzar\u00e1 \u201cmuy pronto.<\/p>\n\n\n\n<p>\u201cCuba tambi\u00e9n quiere cerrar un acuerdo y creo que muy pronto o llegamos a un acuerdo o haremos lo que haya que hacer\u201d, declar\u00f3 el mandatario republicano a periodistas a bordo del Air Force One.<\/p>\n\n\n\n<p>\u201cEstamos en conversaciones con Cuba\u201d, agreg\u00f3, al tiempo que subray\u00f3 que \u201cnos ocuparemos de Ir\u00e1n antes que de Cuba. Creo que va a pasar algo en Cuba muy pronto\u201d, asegur\u00f3.<\/p>\n\n\n\n<p>Cuba se\u00f1al\u00f3 el viernes que est\u00e1 en conversaciones con Estados Unidos y liber\u00f3 a presos en el marco de un acuerdo con el Vaticano, un mediador hist\u00f3rico entre estos dos enemigos ideol\u00f3gicos.<\/p>\n\n\n\n<p>Washington impone desde enero un bloqueo energ\u00e9tico de facto, al invocar la \u201camenaza excepcional\u201c que representar\u00eda para su seguridad nacional la isla, situada a s\u00f3lo 150 kil\u00f3metros de las costas de Florida.<\/p>\n","protected":false},"excerpt":{"rendered":"<p>Redacci\u00f3n\/Zona Roja. (Informaci\u00f3n de \u201cLa Jornada\u201d) Ciudad de M\u00e9xico, a 16 de marzo de 2026.-&nbsp;&hellip;<\/p>\n","protected":false},"author":2,"featured_media":89633,"comment_status":"closed","ping_status":"open","sticky":false,"template":"","format":"standard","meta":{"_lmt_disableupdate":"","_lmt_disable":"","_jetpack_memberships_contains_paid_content":false,"footnotes":""},"categories":[109,47],"tags":[],"class_list":["post-91277","post","type-post","status-publish","format-standard","has-post-thumbnail","hentry","category-minuto-a-minuto","category-zona-gris"],"jetpack_featured_media_url":"https:\/\/zonaroja.com.mx\/wp-content\/uploads\/2026\/01\/Cuba-y-Estados-Unidos.jpg","jetpack_sharing_enabled":true,"_links":{"self":[{"href":"https:\/\/zonaroja.com.mx\/index.php?rest_route=\/wp\/v2\/posts\/91277","targetHints":{"allow":["GET"]}}],"collection":[{"href":"https:\/\/zonaroja.com.mx\/index.php?rest_route=\/wp\/v2\/posts"}],"about":[{"href":"https:\/\/zonaroja.com.mx\/index.php?rest_route=\/wp\/v2\/types\/post"}],"author":[{"embeddable":true,"href":"https:\/\/zonaroja.com.mx\/index.php?rest_route=\/wp\/v2\/users\/2"}],"replies":[{"embeddable":true,"href":"https:\/\/zonaroja.com.mx\/index.php?rest_route=%2Fwp%2Fv2%2Fcomments&post=91277"}],"version-history":[{"count":1,"href":"https:\/\/zonaroja.com.mx\/index.php?rest_route=\/wp\/v2\/posts\/91277\/revisions"}],"predecessor-version":[{"id":91278,"href":"https:\/\/zonaroja.com.mx\/index.php?rest_route=\/wp\/v2\/posts\/91277\/revisions\/91278"}],"wp:featuredmedia":[{"embeddable":true,"href":"https:\/\/zonaroja.com.mx\/index.php?rest_route=\/wp\/v2\/media\/89633"}],"wp:attachment":[{"href":"https:\/\/zonaroja.com.mx\/index.php?rest_route=%2Fwp%2Fv2%2Fmedia&parent=91277"}],"wp:term":[{"taxonomy":"category","embeddable":true,"href":"https:\/\/zonaroja.com.mx\/index.php?rest_route=%2Fwp%2Fv2%2Fcategories&post=91277"},{"taxonomy":"post_tag","embeddable":true,"href":"https:\/\/zonaroja.com.mx\/index.php?rest_route=%2Fwp%2Fv2%2Ftags&post=91277"}],"curies":[{"name":"wp","href":"https:\/\/api.w.org\/{rel}","templated":true}]}}