{"id":91285,"date":"2026-03-16T16:56:21","date_gmt":"2026-03-16T22:56:21","guid":{"rendered":"https:\/\/zonaroja.com.mx\/?p=91285"},"modified":"2026-03-16T16:56:21","modified_gmt":"2026-03-16T22:56:21","slug":"oaxaca-fue-epicentro-del-dialogo-juridico-penal-durante-tres-dias","status":"publish","type":"post","link":"https:\/\/zonaroja.com.mx\/?p=91285","title":{"rendered":"Oaxaca fue epicentro del di\u00e1logo jur\u00eddico penal durante tres d\u00edas"},"content":{"rendered":"\n<p>Redacci\u00f3n\/Zona Roja.&nbsp;<\/p>\n\n\n\n<p>Oaxaca, Oax., a 16 de marzo de 2026.- La titular del Poder Judicial del Estado, magistrada Erika Mar\u00eda Rodr\u00edguez Rodr\u00edguez, clausur\u00f3 este fin de semana los trabajos de la XX Reuni\u00f3n Internacional de Abogados Penalistas, realizada durante tres d\u00edas, con la participaci\u00f3n de cerca de dos mil 800 especialistas en derecho penal y que posicion\u00f3 a Oaxaca como punto de encuentro del pensamiento penal contempor\u00e1neo.<\/p>\n\n\n\n<p>En su mensaje, destac\u00f3 que este encuentro permiti\u00f3 fortalecer el di\u00e1logo acad\u00e9mico y el intercambio de ideas para seguir construyendo sistemas de justicia m\u00e1s s\u00f3lidos, incluyentes y acordes con las exigencias de nuestro tiempo.<\/p>\n\n\n\n<p>La conferencia de clausura estuvo a cargo del ministro presidente de la Suprema Corte de Justicia de la Naci\u00f3n, Hugo Aguilar Ortiz, quien comparti\u00f3 reflexiones sobre el pluralismo jur\u00eddico y los desaf\u00edos de la justicia en un pa\u00eds caracterizado por su diversidad cultural y normativa.<\/p>\n\n\n\n<p>Durante este encuentro internacional, juristas, acad\u00e9micos y operadores del sistema de justicia participaron en conferencias y mesas de an\u00e1lisis centradas en cinco ejes tem\u00e1ticos orientados al fortalecimiento del pensamiento jur\u00eddico, la pr\u00e1ctica institucional y la defensa de los derechos ciudadanos.La siguiente edici\u00f3n del encuentro tendr\u00e1 como sede Buenos Aires, Argentina.&nbsp;<\/p>\n\n\n\n<p><\/p>\n","protected":false},"excerpt":{"rendered":"<p>Redacci\u00f3n\/Zona Roja.&nbsp; Oaxaca, Oax., a 16 de marzo de 2026.- La titular del Poder Judicial&hellip;<\/p>\n","protected":false},"author":2,"featured_media":91284,"comment_status":"closed","ping_status":"open","sticky":false,"template":"","format":"standard","meta":{"_lmt_disableupdate":"","_lmt_disable":"","_jetpack_memberships_contains_paid_content":false,"footnotes":""},"categories":[109,46],"tags":[223],"class_list":["post-91285","post","type-post","status-publish","format-standard","has-post-thumbnail","hentry","category-minuto-a-minuto","category-zona-blanca","tag-poder-judicial-de-oaxaca"],"jetpack_featured_media_url":"https:\/\/zonaroja.com.mx\/wp-content\/uploads\/2026\/03\/img_9048.jpg","jetpack_sharing_enabled":true,"_links":{"self":[{"href":"https:\/\/zonaroja.com.mx\/index.php?rest_route=\/wp\/v2\/posts\/91285","targetHints":{"allow":["GET"]}}],"collection":[{"href":"https:\/\/zonaroja.com.mx\/index.php?rest_route=\/wp\/v2\/posts"}],"about":[{"href":"https:\/\/zonaroja.com.mx\/index.php?rest_route=\/wp\/v2\/types\/post"}],"author":[{"embeddable":true,"href":"https:\/\/zonaroja.com.mx\/index.php?rest_route=\/wp\/v2\/users\/2"}],"replies":[{"embeddable":true,"href":"https:\/\/zonaroja.com.mx\/index.php?rest_route=%2Fwp%2Fv2%2Fcomments&post=91285"}],"version-history":[{"count":1,"href":"https:\/\/zonaroja.com.mx\/index.php?rest_route=\/wp\/v2\/posts\/91285\/revisions"}],"predecessor-version":[{"id":91286,"href":"https:\/\/zonaroja.com.mx\/index.php?rest_route=\/wp\/v2\/posts\/91285\/revisions\/91286"}],"wp:featuredmedia":[{"embeddable":true,"href":"https:\/\/zonaroja.com.mx\/index.php?rest_route=\/wp\/v2\/media\/91284"}],"wp:attachment":[{"href":"https:\/\/zonaroja.com.mx\/index.php?rest_route=%2Fwp%2Fv2%2Fmedia&parent=91285"}],"wp:term":[{"taxonomy":"category","embeddable":true,"href":"https:\/\/zonaroja.com.mx\/index.php?rest_route=%2Fwp%2Fv2%2Fcategories&post=91285"},{"taxonomy":"post_tag","embeddable":true,"href":"https:\/\/zonaroja.com.mx\/index.php?rest_route=%2Fwp%2Fv2%2Ftags&post=91285"}],"curies":[{"name":"wp","href":"https:\/\/api.w.org\/{rel}","templated":true}]}}