{"id":91293,"date":"2026-03-16T21:16:38","date_gmt":"2026-03-17T03:16:38","guid":{"rendered":"https:\/\/zonaroja.com.mx\/?p=91293"},"modified":"2026-03-16T21:16:41","modified_gmt":"2026-03-17T03:16:41","slug":"inicia-otra-vez-caotica-semana-en-oaxaca-por-protestas-y-ya-viene-paro-educativo","status":"publish","type":"post","link":"https:\/\/zonaroja.com.mx\/?p=91293","title":{"rendered":"Inicia otra vez ca\u00f3tica semana en Oaxaca, por protestas; y ya viene paro educativo"},"content":{"rendered":"\n<p>Lisbeth Mej\u00eda Reyes\/Zona Roja.<\/p>\n\n\n\n<p>Oaxaca, Oax., a 16 de marzo de 2026.- Organizaciones sociales, productores de mango y habitantes de comunidades protagonizaron este lunes una nueva jornada de protestas en el estado de Oaxaca, para exigir a los gobiernos estatal y federal atenci\u00f3n a sus demandas, entre \u00e9stas la atenci\u00f3n al campo, la no privatizaci\u00f3n del territorio y por la falta de agua potable.<\/p>\n\n\n\n<p>Los bloqueos, marchas y dem\u00e1s manifestaciones afectaron a miles de automovilistas de las carreteras federales 190 (Panamericana) en el Istmo de Tehuantepec, dejando incomunicada a la entidad con el estado de Chiapas, la 175 (que comunica a la zona de con la regi\u00f3n Costa) y la 200 (Salina Cruz-Huatulco).<\/p>\n\n\n\n<p>Estas manifestaciones se dieron a unos d\u00edas de que la Secci\u00f3n 22 comience su paro de 72 horas, como parte de la movilizaci\u00f3n de la Coordinadora Nacional de Trabajadores de la Educaci\u00f3n (CNTE), prevista para los d\u00edas 18, 19 y 20 de marzo.<\/p>\n\n\n\n<p>Uno de los primeros bloqueos de este lunes fue el de productores de mango, quienes se instalaron a la altura de la comunidad de Santo Domingo Zanatepec, en el tramo Niltepec-Tapanatepec. Los productores exigen la intervenci\u00f3n del gobierno estatal para la comercializaci\u00f3n de la fruta, debido a los bajos precios que afectan a sus familias.<\/p>\n\n\n\n<p>Otro bloqueo registrado en la regi\u00f3n Istmo de Tehuantepec, en la carretera 190 (Oaxaca-Istmo), fue a la altura del municipio de Jalapa del Marqu\u00e9s, por parte de la Asamblea de la Comunidad Ind\u00edgena de Jalapa del Marqu\u00e9s.<\/p>\n\n\n\n<p>Se manifestaron en contra del presunto intento de la autoridad municipal (que encabeza Leticia Sibaja Mendoza) de privatizar el manantial \u201cEl Aguaje\u201d, que provee de agua a la poblaci\u00f3n. Adem\u00e1s, exigieron un alto a la discriminaci\u00f3n y hostigamiento por parte del gobierno municipal a los habitantes de la colonia Aguascalientes.<\/p>\n\n\n\n<p>Un bloqueo m\u00e1s se present\u00f3 sobre la carretera federal 200 Salina Cruz-Huatulco, a la altura de la agencia El Coyul, San Pedro Huamelula, por parte de la Asamblea de Pueblos del Istmo en Defensa de la Tierra y el Territorio-APIIDTT.<\/p>\n\n\n\n<p>En esta protesta que se retir\u00f3 aproximadamente a las 14:00 horas, la asamblea de la comunidad chontal El Coyul exigen a las autoridades \u00abel fin de la judicializaci\u00f3n y las amenazas contra la leg\u00edtima Sociedad Agr\u00edcola Ganadera el Coyul (1972), playas libres y alto a la privatizaci\u00f3n con el proyecto residencial Punta Faro\u00bb.<\/p>\n\n\n\n<p>Mientras tanto, con una marcha masiva desde el crucero del aeropuerto internacional hasta el Palacio de Gobierno de la ciudad de Oaxaca, diversas organizaciones sociales adheridas al Frente de Organizaciones Oaxaque\u00f1as (FORO) se manifestaron para exigir atenci\u00f3n del gobierno estatal a sus demandas.&nbsp;<\/p>\n\n\n\n<p>Otra movilizaci\u00f3n parti\u00f3 de la agencia de Santa Roza Panzacola y el z\u00f3calo, por parte de la Alianza de Pueblos por la Justicia Social; tras un mitin, se \u201cplantaron\u201d, en el z\u00f3calo.<\/p>\n\n\n\n<p>En ese contexto, al mediod\u00eda derribaron vallas del Palacio de Gobierno y se instalaron tambi\u00e9n en el corredor exterior. Por la noche bloquearon la avenida Independencia esquina con Macedonio Alcal\u00e1, para regresar a su \u201cplant\u00f3n\u201d.<\/p>\n","protected":false},"excerpt":{"rendered":"<p>Lisbeth Mej\u00eda Reyes\/Zona Roja. Oaxaca, Oax., a 16 de marzo de 2026.- Organizaciones sociales, productores&hellip;<\/p>\n","protected":false},"author":2,"featured_media":91294,"comment_status":"closed","ping_status":"open","sticky":false,"template":"","format":"standard","meta":{"_lmt_disableupdate":"","_lmt_disable":"","_jetpack_memberships_contains_paid_content":false,"footnotes":""},"categories":[109,47],"tags":[1975],"class_list":["post-91293","post","type-post","status-publish","format-standard","has-post-thumbnail","hentry","category-minuto-a-minuto","category-zona-gris","tag-bloqueos-carreteros-oaxaca"],"jetpack_featured_media_url":"https:\/\/zonaroja.com.mx\/wp-content\/uploads\/2026\/03\/Bloqueos-y-protestas-Oaxaca-1.jpg","jetpack_sharing_enabled":true,"_links":{"self":[{"href":"https:\/\/zonaroja.com.mx\/index.php?rest_route=\/wp\/v2\/posts\/91293","targetHints":{"allow":["GET"]}}],"collection":[{"href":"https:\/\/zonaroja.com.mx\/index.php?rest_route=\/wp\/v2\/posts"}],"about":[{"href":"https:\/\/zonaroja.com.mx\/index.php?rest_route=\/wp\/v2\/types\/post"}],"author":[{"embeddable":true,"href":"https:\/\/zonaroja.com.mx\/index.php?rest_route=\/wp\/v2\/users\/2"}],"replies":[{"embeddable":true,"href":"https:\/\/zonaroja.com.mx\/index.php?rest_route=%2Fwp%2Fv2%2Fcomments&post=91293"}],"version-history":[{"count":1,"href":"https:\/\/zonaroja.com.mx\/index.php?rest_route=\/wp\/v2\/posts\/91293\/revisions"}],"predecessor-version":[{"id":91295,"href":"https:\/\/zonaroja.com.mx\/index.php?rest_route=\/wp\/v2\/posts\/91293\/revisions\/91295"}],"wp:featuredmedia":[{"embeddable":true,"href":"https:\/\/zonaroja.com.mx\/index.php?rest_route=\/wp\/v2\/media\/91294"}],"wp:attachment":[{"href":"https:\/\/zonaroja.com.mx\/index.php?rest_route=%2Fwp%2Fv2%2Fmedia&parent=91293"}],"wp:term":[{"taxonomy":"category","embeddable":true,"href":"https:\/\/zonaroja.com.mx\/index.php?rest_route=%2Fwp%2Fv2%2Fcategories&post=91293"},{"taxonomy":"post_tag","embeddable":true,"href":"https:\/\/zonaroja.com.mx\/index.php?rest_route=%2Fwp%2Fv2%2Ftags&post=91293"}],"curies":[{"name":"wp","href":"https:\/\/api.w.org\/{rel}","templated":true}]}}