{"id":91297,"date":"2026-03-17T07:15:00","date_gmt":"2026-03-17T13:15:00","guid":{"rendered":"https:\/\/zonaroja.com.mx\/?p=91297"},"modified":"2026-03-17T06:37:20","modified_gmt":"2026-03-17T12:37:20","slug":"matan-a-una-familia-en-guerrero-a-otros-tres-en-veracruz","status":"publish","type":"post","link":"https:\/\/zonaroja.com.mx\/?p=91297","title":{"rendered":"Matan a una familia en Guerrero; a otros tres en Veracruz"},"content":{"rendered":"\n<p>Redacci\u00f3n\/Zona Roja.<\/p>\n\n\n\n<p>(Informaci\u00f3n de L\u00f3pez-D\u00f3riga Digital)<\/p>\n\n\n\n<p>Oaxaca, Oax., a 17 de marzo de 2026.- Integrantes de una familia fueron asesinados en Acapulco, lo que desat\u00f3 un bloqueo de taxistas.<\/p>\n\n\n\n<p>La madrugada del 16 de marzo un comando armado irrumpi\u00f3 en una vivienda de la colonia Vista Hermosa y asesin\u00f3 a un hombre y dos mujeres.<\/p>\n\n\n\n<p>Una cuarta persona, cuyas caracter\u00edsticas no se revelaron, result\u00f3 herida de un disparo.<\/p>\n\n\n\n<p>La Fiscal\u00eda General del Estado (FGE) de Guerrero inform\u00f3 la apertura de la carpeta de investigaci\u00f3n pertinente.<\/p>\n\n\n\n<p>Tras darse a conocer el asesinato de tres personas en Vista Hermosa, Acapulco, el hombre de entre las v\u00edctimas fue identificado como chofer de una ruta alimentadora de taxis.<\/p>\n\n\n\n<p>Un conglomerado de taxis de Costa Azul bloque\u00f3 la Costera Miguel Alem\u00e1n en demanda de mayor seguridad.<\/p>\n\n\n\n<p>!Vamos a pedir seguridad. No nos sentimos libres ante la inseguridad que hay en el interior del puerto de Acapulco. Trabajamos con el temor de que nos pueda pasar algo, que nos levanten a algunos compa\u00f1eros, y sin motivo alguno\u201d, refiri\u00f3 Miguel Su\u00e1stegui, presidente del sitio 142.<\/p>\n\n\n\n<p>EN VERACRUZ<\/p>\n\n\n\n<p>La Fiscal\u00eda de Veracruz confirm\u00f3 el asesinato de tres personas este lunes 16 de marzo de 2026 en el municipio de Xalapa.<\/p>\n\n\n\n<p>Por medio de un comunicado divulgado en sus redes sociales, la autoridad veracruzana indic\u00f3 que el hecho se registr\u00f3 en la congregaci\u00f3n de El Castillo, el moviliz\u00f3 a las fuerzas de seguridad y autoridades ministeriales durante la jornada de este lunes.<\/p>\n\n\n\n<p>De acuerdo con el reporte oficial de la Fiscal\u00eda Regional Zona Centro Xalapa, las tres v\u00edctimas presentaban heridas producidas por proyectiles de arma de fuego.<\/p>\n\n\n\n<p>Tras recibir el reporte de las detonaciones, un equipo multidisciplinario se traslad\u00f3 al sitio para asegurar la zona e iniciar las diligencias correspondientes.<\/p>\n\n\n\n<p>En el operativo participaron: fiscales regionales para dar fe de los hechos; peritos especializados en criminal\u00edstica para el levantamiento de indicios, adem\u00e1s de elementos de la Polic\u00eda Ministerial para iniciar las primeras entrevistas y peritajes de campo.<\/p>\n\n\n\n<p>La Fiscal\u00eda de Veracruz se\u00f1al\u00f3 que el objetivo primordial de las acciones actuales es establecer las l\u00edneas de investigaci\u00f3n que permitan identificar a los presuntos responsables y determinar el m\u00f3vil del crimen en Xalapa.<\/p>\n\n\n\n<p>Hasta el momento, no se han reportado detenciones vinculadas directamente con estos asesinatos, ni se ha revelado la identidad de las v\u00edctimas.<\/p>\n","protected":false},"excerpt":{"rendered":"<p>Redacci\u00f3n\/Zona Roja. (Informaci\u00f3n de L\u00f3pez-D\u00f3riga Digital) Oaxaca, Oax., a 17 de marzo de 2026.- Integrantes&hellip;<\/p>\n","protected":false},"author":2,"featured_media":90839,"comment_status":"closed","ping_status":"open","sticky":false,"template":"","format":"standard","meta":{"_lmt_disableupdate":"","_lmt_disable":"","_jetpack_memberships_contains_paid_content":false,"footnotes":""},"categories":[109,51],"tags":[3721,4721],"class_list":["post-91297","post","type-post","status-publish","format-standard","has-post-thumbnail","hentry","category-minuto-a-minuto","category-zona-roja","tag-violencia-en-guerrero","tag-violencia-en-veracruz"],"jetpack_featured_media_url":"https:\/\/zonaroja.com.mx\/wp-content\/uploads\/2026\/03\/Escena-crimen-violencia.jpeg","jetpack_sharing_enabled":true,"_links":{"self":[{"href":"https:\/\/zonaroja.com.mx\/index.php?rest_route=\/wp\/v2\/posts\/91297","targetHints":{"allow":["GET"]}}],"collection":[{"href":"https:\/\/zonaroja.com.mx\/index.php?rest_route=\/wp\/v2\/posts"}],"about":[{"href":"https:\/\/zonaroja.com.mx\/index.php?rest_route=\/wp\/v2\/types\/post"}],"author":[{"embeddable":true,"href":"https:\/\/zonaroja.com.mx\/index.php?rest_route=\/wp\/v2\/users\/2"}],"replies":[{"embeddable":true,"href":"https:\/\/zonaroja.com.mx\/index.php?rest_route=%2Fwp%2Fv2%2Fcomments&post=91297"}],"version-history":[{"count":1,"href":"https:\/\/zonaroja.com.mx\/index.php?rest_route=\/wp\/v2\/posts\/91297\/revisions"}],"predecessor-version":[{"id":91298,"href":"https:\/\/zonaroja.com.mx\/index.php?rest_route=\/wp\/v2\/posts\/91297\/revisions\/91298"}],"wp:featuredmedia":[{"embeddable":true,"href":"https:\/\/zonaroja.com.mx\/index.php?rest_route=\/wp\/v2\/media\/90839"}],"wp:attachment":[{"href":"https:\/\/zonaroja.com.mx\/index.php?rest_route=%2Fwp%2Fv2%2Fmedia&parent=91297"}],"wp:term":[{"taxonomy":"category","embeddable":true,"href":"https:\/\/zonaroja.com.mx\/index.php?rest_route=%2Fwp%2Fv2%2Fcategories&post=91297"},{"taxonomy":"post_tag","embeddable":true,"href":"https:\/\/zonaroja.com.mx\/index.php?rest_route=%2Fwp%2Fv2%2Ftags&post=91297"}],"curies":[{"name":"wp","href":"https:\/\/api.w.org\/{rel}","templated":true}]}}