{"id":91299,"date":"2026-03-17T08:15:00","date_gmt":"2026-03-17T14:15:00","guid":{"rendered":"https:\/\/zonaroja.com.mx\/?p=91299"},"modified":"2026-03-17T06:40:37","modified_gmt":"2026-03-17T12:40:37","slug":"tras-designacion-de-nuevo-titular-de-secretaria-de-jubilados-protestan-hoy","status":"publish","type":"post","link":"https:\/\/zonaroja.com.mx\/?p=91299","title":{"rendered":"Tras designaci\u00f3n de nuevo titular de Secretar\u00eda de Jubilados, protestan hoy"},"content":{"rendered":"\n<p>Lisbeth Mej\u00eda Reyes\/Zona Roja.<\/p>\n\n\n\n<p>Oaxaca, Oax., a 17 de marzo de 2026.- La base magisterial de jubilados de la Delegaci\u00f3n D-IV-02 nombr\u00f3 el pasado 14 de marzo al profesor Dick Francisco Santom\u00e9 Z\u00e1rate como nuevo titular de la Secretar\u00eda de Jubilados y Pensionados de la Secci\u00f3n 22 del Sindicato Nacional de Trabajadores de la Educaci\u00f3n (CNTE-SNTE).<\/p>\n\n\n\n<p>Ahora, con la nueva secretar\u00eda, la Secci\u00f3n 22 realizar\u00e1 una concentraci\u00f3n masiva de jubilados y pensionados el martes 17 de marzo, frente al Palacio de Gobierno, en la ciudad de Oaxaca.<\/p>\n\n\n\n<p>La movilizaci\u00f3n ser\u00e1 previo al paro masivo de 72 horas convocado para los d\u00edas 18, 19 y 20 de marzo la CNTE en la Ciudad de M\u00e9xico y estados como Oaxaca, por lo que se espera una semana llena de manifestaciones por parte del magisterio oaxaque\u00f1o.<\/p>\n\n\n\n<p>La concentraci\u00f3n de jubilados y pensionados ser\u00e1 para fijar un posicionamiento pol\u00edtico en esta nueva etapa y para externar las demandas y necesidades de las y los m\u00e1s de 24 mil jubilados que representan.<\/p>\n\n\n\n<p>Adem\u00e1s de la concentraci\u00f3n, se espera que el nuevo secretario rinda protesta en la pr\u00f3xima asamblea estatal de la Secci\u00f3n 22.<\/p>\n\n\n\n<p>POR DESTITUCI\u00d3N<\/p>\n\n\n\n<p>Fue el pasado 14 de marzo cuando Dick Francisco Santom\u00e9 Z\u00e1rate fue nombrado secretario de Jubilados y Pensionados de la Secci\u00f3n 22, cargo que qued\u00f3 vacante en diciembre de 2025 tras la destituci\u00f3n de Armando Flores Garrido, acusado de corrupci\u00f3n y nepotismo y a qui\u00e9n la Secci\u00f3n 22 aplic\u00f3 el principio rector n\u00famero 20.<\/p>\n\n\n\n<p>La elecci\u00f3n de Santom\u00e9 Z\u00e1rate fue en una asamblea convocada y presidida por el secretario de Organizaci\u00f3n del Comit\u00e9 Ejecutivo de la Secci\u00f3n 22, C\u00e9sar Garc\u00eda Zurita, y los representantes regionales, en el auditorio del Instituto de Estudios Superiores del Istmo de Tehuantepec (IESIT).<\/p>\n\n\n\n<p>De acuerdo con la Secci\u00f3n 22, \u00abla elecci\u00f3n del nuevo titular se hizo apegado a los usos y costumbres de la Delegaci\u00f3n D-IV-02 que present\u00f3 ante la asamblea a tres candidatos, teniendo cada uno suficiente tiempo para exponer sus ideas y objetivos en caso de ganar la elecci\u00f3n\u00bb.<\/p>\n\n\n\n<p>En la asamblea, el representante regional de organizaci\u00f3n realiz\u00f3 la toma de protesta al profesor Dick Francisco, \u00abquien se comprometi\u00f3 a atender todas las actividades de los jubilados con respeto y responsabilidad\u00bb, explic\u00f3 la Secci\u00f3n 22.<\/p>\n\n\n\n<p>Se espera que con el nombramiento se atiendan y solucionen los conflictos surgidos en el 2025, \u00aba ra\u00edz de inconformidades que surgieron al omitirse el pago de la prima de antig\u00fcedad y posteriormente el bono del D\u00eda del Jubilado a cientos de profesores, situaci\u00f3n provocada por los auxiliares de la secretar\u00eda, seg\u00fan denunci\u00f3 en su momento el anterior titular\u00bb.<\/p>\n\n\n\n<p>Adem\u00e1s del nuevo secretario, en febrero la Secci\u00f3n 22 reconoci\u00f3 a una nueva delegaci\u00f3n de jubilados, la D-IV-10.<\/p>\n\n\n\n<p>La Secretar\u00eda de Jubilados y Pensionados es una de las m\u00e1s de 30 secretar\u00edas, comisiones y dem\u00e1s \u00f3rganos del comit\u00e9 ejecutivo seccionales de la Secci\u00f3n 22 (2022-2026), cuya secretaria general es Yenny Araceli P\u00e9rez Mart\u00ednez.<\/p>\n","protected":false},"excerpt":{"rendered":"<p>Lisbeth Mej\u00eda Reyes\/Zona Roja. Oaxaca, Oax., a 17 de marzo de 2026.- La base magisterial&hellip;<\/p>\n","protected":false},"author":2,"featured_media":91274,"comment_status":"closed","ping_status":"open","sticky":false,"template":"","format":"standard","meta":{"_lmt_disableupdate":"","_lmt_disable":"","_jetpack_memberships_contains_paid_content":false,"footnotes":""},"categories":[109,47],"tags":[1009],"class_list":["post-91299","post","type-post","status-publish","format-standard","has-post-thumbnail","hentry","category-minuto-a-minuto","category-zona-gris","tag-jubilados-y-pensionados-seccion-22"],"jetpack_featured_media_url":"https:\/\/zonaroja.com.mx\/wp-content\/uploads\/2026\/03\/Nueva-dirigencia-jubilados.jpg","jetpack_sharing_enabled":true,"_links":{"self":[{"href":"https:\/\/zonaroja.com.mx\/index.php?rest_route=\/wp\/v2\/posts\/91299","targetHints":{"allow":["GET"]}}],"collection":[{"href":"https:\/\/zonaroja.com.mx\/index.php?rest_route=\/wp\/v2\/posts"}],"about":[{"href":"https:\/\/zonaroja.com.mx\/index.php?rest_route=\/wp\/v2\/types\/post"}],"author":[{"embeddable":true,"href":"https:\/\/zonaroja.com.mx\/index.php?rest_route=\/wp\/v2\/users\/2"}],"replies":[{"embeddable":true,"href":"https:\/\/zonaroja.com.mx\/index.php?rest_route=%2Fwp%2Fv2%2Fcomments&post=91299"}],"version-history":[{"count":1,"href":"https:\/\/zonaroja.com.mx\/index.php?rest_route=\/wp\/v2\/posts\/91299\/revisions"}],"predecessor-version":[{"id":91300,"href":"https:\/\/zonaroja.com.mx\/index.php?rest_route=\/wp\/v2\/posts\/91299\/revisions\/91300"}],"wp:featuredmedia":[{"embeddable":true,"href":"https:\/\/zonaroja.com.mx\/index.php?rest_route=\/wp\/v2\/media\/91274"}],"wp:attachment":[{"href":"https:\/\/zonaroja.com.mx\/index.php?rest_route=%2Fwp%2Fv2%2Fmedia&parent=91299"}],"wp:term":[{"taxonomy":"category","embeddable":true,"href":"https:\/\/zonaroja.com.mx\/index.php?rest_route=%2Fwp%2Fv2%2Fcategories&post=91299"},{"taxonomy":"post_tag","embeddable":true,"href":"https:\/\/zonaroja.com.mx\/index.php?rest_route=%2Fwp%2Fv2%2Ftags&post=91299"}],"curies":[{"name":"wp","href":"https:\/\/api.w.org\/{rel}","templated":true}]}}