{"id":91301,"date":"2026-03-17T09:13:00","date_gmt":"2026-03-17T15:13:00","guid":{"rendered":"https:\/\/zonaroja.com.mx\/?p=91301"},"modified":"2026-03-17T07:15:17","modified_gmt":"2026-03-17T13:15:17","slug":"asegura-jara-cruz-que-su-gobierno-es-respetuoso-de-movilizaciones-de-la-seccion-22","status":"publish","type":"post","link":"https:\/\/zonaroja.com.mx\/?p=91301","title":{"rendered":"Asegura Jara Cruz que su gobierno es respetuoso de movilizaciones de la Secci\u00f3n 22"},"content":{"rendered":"\n<p>Raymundo Morales\/Zona Roja.<\/p>\n\n\n\n<p>Oaxaca, Oax., a 17 de marzo de 2026.- Ante el inicio del paro de labores de 72 horas por parte del magisterio adherido a la Coordinadora Nacional de Trabajadores de la Educaci\u00f3n, el gobernador de Oaxaca, Salom\u00f3n Jara Cruz, se dijo respetuoso de ello y reiter\u00f3 su postura de di\u00e1logo.&nbsp;<\/p>\n\n\n\n<p>\u201cNuestro gobierno siempre ha sido de puertas abiertas, vamos en la misma sinton\u00eda, queremos la mejora en la educaci\u00f3n, que los maestros tengan mejores condiciones, que tengan un salario justo.<\/p>\n\n\n\n<p>\u201cSus reivindicaciones por tener mejor equipamiento en cada una de las escuelas la compartimos; seguiremos abiertos al di\u00e1logo, a estar con ellos y buscar consenso para construir acuerdos que beneficien a nuestros estudiantes\u201d.<\/p>\n\n\n\n<p>El pronunciamiento lo emiti\u00f3 ayer durante su conferencia de prensa, en que expuso que la movilizaci\u00f3n es en varias entidades del pa\u00eds, as\u00ed como en la Ciudad de M\u00e9xico, por acuerdos de la CNTE.<\/p>\n\n\n\n<p>A partir de ma\u00f1ana, la Secci\u00f3n 2 del Sindicato Nacional de Trabajadores de la Educaci\u00f3n inicia un paro de labores de tres d\u00edas; el 20 por ciento de la membres\u00eda acudir\u00e1 a la capital del pa\u00eds y el resto se quedar\u00e1 en Oaxaca.<\/p>\n\n\n\n<p>En la entidad, cada regi\u00f3n prev\u00e9 cierre de carreteras, \u201ctoma\u201d de casetas de peaje y tiendas transnacionales, as\u00ed como cierre de oficinas de gobierno.<\/p>\n\n\n\n<p>PARQUE LINEAL<\/p>\n\n\n\n<p>Por otra parte, durante su conferencia, Jara Cruz anunci\u00f3 el avance del Parque Lineal que se construye en las riberas del r\u00edo \u201cAtoyac\u201d, una intervenci\u00f3n estrat\u00e9gica que combina el saneamiento de este afluente con la recuperaci\u00f3n de espacios p\u00fablicos para el disfrute de las familias oaxaque\u00f1as.<\/p>\n\n\n\n<p>\u201cVamos a darle continuidad a este proyecto para recuperar toda la orilla del r\u00edo en la parte c\u00e9ntrica de la capital, para beneficiar a m\u00e1s de 270 mil personas y consolidar un espacio p\u00fablico que promueva el deporte, la convivencia comunitaria y la recuperaci\u00f3n ambiental\u201d, expres\u00f3 Jara Cruz.<\/p>\n\n\n\n<figure class=\"wp-block-embed is-type-rich is-provider-twitter wp-block-embed-twitter\"><div class=\"wp-block-embed__wrapper\">\n<div class=\"twitter-tweet\"><blockquote class=\"twitter-tweet\" data-lang=\"es\"><p lang=\"es\" dir=\"ltr\">Donde antes hab\u00eda abandono, pronto habr\u00e1 vida, deporte y convivencia familiar. \ud83d\ude4c\ud83c\udffd\ud83c\udf33<br><br>Gracias a las <a href=\"https:\/\/twitter.com\/hashtag\/ObrasPrimavera?src=hash&amp;ref_src=twsrc%5Etfw\">#ObrasPrimavera<\/a>, el <a href=\"https:\/\/twitter.com\/hashtag\/ParqueLineal?src=hash&amp;ref_src=twsrc%5Etfw\">#ParqueLineal<\/a> ya es una realidad con su primera etapa, recuperando un espacio que ahora ser\u00e1 punto de encuentro para nuestras familias. \ud83c\udf33 <a href=\"https:\/\/t.co\/eWZq40OQqF\">pic.twitter.com\/eWZq40OQqF<\/a><\/p>&mdash; Salom\u00f3n Jara Cruz (@salomonj) <a href=\"https:\/\/twitter.com\/salomonj\/status\/2033714109384945890?ref_src=twsrc%5Etfw\">17 de marzo de 2026<\/a><\/blockquote><\/div>\n<\/div><\/figure>\n\n\n\n<p>La primera etapa contempla una inversi\u00f3n de 191 millones de pesos, la intervenci\u00f3n de 1.8 kil\u00f3metros del margen del r\u00edo, desde el puente Valerio Trujano hasta el puente Porfirio D\u00edaz; posteriormente se prev\u00e9 ampliar el corredor hasta el puente de la Ex Garita de Xoxocotl\u00e1n.<\/p>\n\n\n\n<p>Destacan la construcci\u00f3n de cuatro puentes peatonales que facilitar\u00e1n la movilidad y conexi\u00f3n entre distintos puntos de la zona.<\/p>\n\n\n\n<p>Asimismo, se habilitar\u00e1n dos canchas de b\u00e1squetbol, seis de p\u00e1del, dos skate park uno infantil y otro juvenil, dos pump track para ciclismo en sus modalidades infantil y juvenil, dos canchas de f\u00fatbol, \u00e1reas de juegos infantiles, adem\u00e1s de una trotapista y ciclov\u00eda.<\/p>\n\n\n\n<p>CON SECTOR ECON\u00d3MICO<\/p>\n\n\n\n<p>En otra actividad, el Gobernador del Estado encabez\u00f3 la Primera Sesi\u00f3n 2026 del Consejo Consultivo de Fomento del Desarrollo Econ\u00f3mico, con el fin de dar atenci\u00f3n y seguimiento a los programas y acciones de la Primavera Oaxaque\u00f1a que permiten brindar mayores oportunidades de inversi\u00f3n y fortalecer el crecimiento y modernizaci\u00f3n de negocios y empresas en la entidad.<\/p>\n\n\n\n<p>En el seno de este \u00f3rgano de planeaci\u00f3n, coordinaci\u00f3n, apoyo, consulta y seguimiento de los programas, proyectos y acciones en materia de desarrollo econ\u00f3mico en el estado, el Mandatario estatal sostuvo un di\u00e1logo franco y directo con el sector empresarial, a quien reiter\u00f3 su compromiso de trabajo para que se cuenten con las condiciones necesarias para las inversiones.<\/p>\n\n\n\n<p>Se dio seguimiento a los planteamientos en materia de Seguridad en Valles Centrales, Mixteca e Istmo, en el que se expuso establecer un canal directo y permanente de comunicaci\u00f3n entre sector empresarial y el gabinete de seguridad del estado.<\/p>\n\n\n\n<p>As\u00ed como en materia de Infraestructura, en atenci\u00f3n y vinculaci\u00f3n con c\u00e1maras, asociaciones y colegios para fortalecer la participaci\u00f3n de proveedores locales y agentes del sector; Pagos de Contribuciones, en coordinaci\u00f3n con el Poder Legislativo para dar respuesta a las inquietudes en materia de Desarrollo Urbano, Comercio, Protecci\u00f3n Civil, Medio Ambiente y Salud; y Turismo.<\/p>\n\n\n\n<p>Participaron representantes de los sectores de la construcci\u00f3n, automotriz, servicios, hotelero, chocolatero, restaurantero, comercio, salud, gasolinero y abarratero, entre otros.<\/p>\n","protected":false},"excerpt":{"rendered":"<p>Raymundo Morales\/Zona Roja. Oaxaca, Oax., a 17 de marzo de 2026.- Ante el inicio del&hellip;<\/p>\n","protected":false},"author":2,"featured_media":91302,"comment_status":"closed","ping_status":"open","sticky":false,"template":"","format":"standard","meta":{"_lmt_disableupdate":"","_lmt_disable":"","_jetpack_memberships_contains_paid_content":false,"footnotes":""},"categories":[109,46],"tags":[939],"class_list":["post-91301","post","type-post","status-publish","format-standard","has-post-thumbnail","hentry","category-minuto-a-minuto","category-zona-blanca","tag-salomon-jara-cruz"],"jetpack_featured_media_url":"https:\/\/zonaroja.com.mx\/wp-content\/uploads\/2026\/03\/Impulsa-Primavera-Oaxaquena-Parque-Lineal-Riveras-del-Atoyac-con-inversion-superior-a-191-mdp-2.jpeg","jetpack_sharing_enabled":true,"_links":{"self":[{"href":"https:\/\/zonaroja.com.mx\/index.php?rest_route=\/wp\/v2\/posts\/91301","targetHints":{"allow":["GET"]}}],"collection":[{"href":"https:\/\/zonaroja.com.mx\/index.php?rest_route=\/wp\/v2\/posts"}],"about":[{"href":"https:\/\/zonaroja.com.mx\/index.php?rest_route=\/wp\/v2\/types\/post"}],"author":[{"embeddable":true,"href":"https:\/\/zonaroja.com.mx\/index.php?rest_route=\/wp\/v2\/users\/2"}],"replies":[{"embeddable":true,"href":"https:\/\/zonaroja.com.mx\/index.php?rest_route=%2Fwp%2Fv2%2Fcomments&post=91301"}],"version-history":[{"count":1,"href":"https:\/\/zonaroja.com.mx\/index.php?rest_route=\/wp\/v2\/posts\/91301\/revisions"}],"predecessor-version":[{"id":91303,"href":"https:\/\/zonaroja.com.mx\/index.php?rest_route=\/wp\/v2\/posts\/91301\/revisions\/91303"}],"wp:featuredmedia":[{"embeddable":true,"href":"https:\/\/zonaroja.com.mx\/index.php?rest_route=\/wp\/v2\/media\/91302"}],"wp:attachment":[{"href":"https:\/\/zonaroja.com.mx\/index.php?rest_route=%2Fwp%2Fv2%2Fmedia&parent=91301"}],"wp:term":[{"taxonomy":"category","embeddable":true,"href":"https:\/\/zonaroja.com.mx\/index.php?rest_route=%2Fwp%2Fv2%2Fcategories&post=91301"},{"taxonomy":"post_tag","embeddable":true,"href":"https:\/\/zonaroja.com.mx\/index.php?rest_route=%2Fwp%2Fv2%2Ftags&post=91301"}],"curies":[{"name":"wp","href":"https:\/\/api.w.org\/{rel}","templated":true}]}}