{"id":91304,"date":"2026-03-17T10:15:00","date_gmt":"2026-03-17T16:15:00","guid":{"rendered":"https:\/\/zonaroja.com.mx\/?p=91304"},"modified":"2026-03-17T07:20:01","modified_gmt":"2026-03-17T13:20:01","slug":"cometio-secuestro-expres-de-trailero-en-tuxtepec-ya-fue-detenido","status":"publish","type":"post","link":"https:\/\/zonaroja.com.mx\/?p=91304","title":{"rendered":"Cometi\u00f3 secuestro expr\u00e9s de trailero en Tuxtepec; ya fue detenido"},"content":{"rendered":"\n<p>Redacci\u00f3n\/Zona Roja.<\/p>\n\n\n\n<p>Oaxaca, Oax., a 17 de marzo de 2026.- La Fiscal\u00eda General del Estado de Oaxaca (FGEO) obtuvo auto de vinculaci\u00f3n a proceso y prisi\u00f3n preventiva oficiosa en contra de una persona del sexo masculino identificada como G.C.M., por el delito de secuestro expr\u00e9s, cometido en la regi\u00f3n de la Cuenca del Papaloapan.<\/p>\n\n\n\n<p>Los hechos ocurrieron el 25 de febrero de 2026, cuando la v\u00edctima identificada como T.N.C., realizaba maniobras con su tr\u00e1iler en la intersecci\u00f3n de las calles Francisco I. Madero y 20 de Noviembre, en la comunidad de Arroyo Lim\u00f3n, perteneciente al municipio de San Juan Bautista Tuxtepec.<\/p>\n\n\n\n<p>Las investigaciones establecen que, al lugar arrib\u00f3 un hombre a bordo de un veh\u00edculo de la marca Mazda, quien descendi\u00f3 de la unidad y se dirigi\u00f3 a la v\u00edctima para exigirle un pago ilegal con el argumento de permitirle retirar sus tr\u00e1ileres del sitio.&nbsp;<\/p>\n\n\n\n<p>Ante la exigencia, la v\u00edctima respondi\u00f3 que no realizar\u00eda ning\u00fan pago, ya que contaba con los permisos correspondientes de las autoridades para llevar a cabo su trabajo.<\/p>\n\n\n\n<p>En ese momento, el hoy imputado presuntamente amag\u00f3 con un arma de fuego a la v\u00edctima y la oblig\u00f3 a subir al veh\u00edculo, priv\u00e1ndola de la libertad y configurando as\u00ed un secuestro expr\u00e9s con la finalidad de extorsionarla.<\/p>\n\n\n\n<p>La investigaci\u00f3n detalla que, tras recorrer diversas calles de la poblaci\u00f3n, llegaron al pante\u00f3n municipal de Arroyo Lim\u00f3n, en donde el imputado presuntamente volvi\u00f3 a exigir a la v\u00edctima el pago de cinco mil pesos por cada cami\u00f3n; sin embargo, ante la negativa de la v\u00edctima, le apunt\u00f3 con el arma de fuego en la cabeza y lo amenaz\u00f3 con privarlo de la vida si no acced\u00eda a entregar el dinero.<\/p>\n\n\n\n<p>Ante la amenaza, la v\u00edctima accedi\u00f3 a pagar mil 400 pesos por cada tr\u00e1iler, tras lo cual el agresor lo regres\u00f3 al sitio donde lo hab\u00eda interceptado.<\/p>\n\n\n\n<p>Derivado de los trabajos de investigaci\u00f3n, elementos de la Polic\u00eda Municipal lograron la detenci\u00f3n de G.C.M., quien posteriormente fue puesto a disposici\u00f3n de la autoridad judicial correspondiente para definir su situaci\u00f3n jur\u00eddica.<\/p>\n\n\n\n<p>Tras la denuncia ante la FGEO, el caso qued\u00f3 a cargo de la Fiscal\u00eda Especializada en Atenci\u00f3n a Delitos de Alto Impacto, en coordinaci\u00f3n con elementos de la Agencia Estatal de Investigaciones (AEI) adscritos a la Unidad Especializada en Combate al Secuestro (UECS), logrando recabar los datos de prueba necesarios para sustentar la imputaci\u00f3n.<\/p>\n\n\n\n<p>En audiencia, el Juez que atiende la causa dict\u00f3 auto de vinculaci\u00f3n a proceso contra G.C.M., por el delito de secuestro expr\u00e9s, imponiendo la medida cautelar de prisi\u00f3n preventiva oficiosa, adem\u00e1s de otorgar el plazo de un mes para el cierre de la investigaci\u00f3n complementaria.<\/p>\n\n\n\n<p>&nbsp;La investigaci\u00f3n de delitos de alto impacto que realiza la Fiscal\u00eda de Oaxaca, se realiza a trav\u00e9s de m\u00e9todos t\u00e9cnicos y cient\u00edficos que se ci\u00f1e a protocolos legales que permiten obtener resultados concretos y tangibles a favor de las v\u00edctimas directas e indirectas de estos delitos.<\/p>\n","protected":false},"excerpt":{"rendered":"<p>Redacci\u00f3n\/Zona Roja. Oaxaca, Oax., a 17 de marzo de 2026.- La Fiscal\u00eda General del Estado&hellip;<\/p>\n","protected":false},"author":2,"featured_media":91305,"comment_status":"closed","ping_status":"open","sticky":false,"template":"","format":"standard","meta":{"_lmt_disableupdate":"","_lmt_disable":"","_jetpack_memberships_contains_paid_content":false,"footnotes":""},"categories":[109,46],"tags":[494],"class_list":["post-91304","post","type-post","status-publish","format-standard","has-post-thumbnail","hentry","category-minuto-a-minuto","category-zona-blanca","tag-fiscalia-general-del-estado-de-oaxaca"],"jetpack_featured_media_url":"https:\/\/zonaroja.com.mx\/wp-content\/uploads\/2026\/03\/Secuestro-expres-contra-trailero-en-la-Cuenca.jpeg","jetpack_sharing_enabled":true,"_links":{"self":[{"href":"https:\/\/zonaroja.com.mx\/index.php?rest_route=\/wp\/v2\/posts\/91304","targetHints":{"allow":["GET"]}}],"collection":[{"href":"https:\/\/zonaroja.com.mx\/index.php?rest_route=\/wp\/v2\/posts"}],"about":[{"href":"https:\/\/zonaroja.com.mx\/index.php?rest_route=\/wp\/v2\/types\/post"}],"author":[{"embeddable":true,"href":"https:\/\/zonaroja.com.mx\/index.php?rest_route=\/wp\/v2\/users\/2"}],"replies":[{"embeddable":true,"href":"https:\/\/zonaroja.com.mx\/index.php?rest_route=%2Fwp%2Fv2%2Fcomments&post=91304"}],"version-history":[{"count":1,"href":"https:\/\/zonaroja.com.mx\/index.php?rest_route=\/wp\/v2\/posts\/91304\/revisions"}],"predecessor-version":[{"id":91306,"href":"https:\/\/zonaroja.com.mx\/index.php?rest_route=\/wp\/v2\/posts\/91304\/revisions\/91306"}],"wp:featuredmedia":[{"embeddable":true,"href":"https:\/\/zonaroja.com.mx\/index.php?rest_route=\/wp\/v2\/media\/91305"}],"wp:attachment":[{"href":"https:\/\/zonaroja.com.mx\/index.php?rest_route=%2Fwp%2Fv2%2Fmedia&parent=91304"}],"wp:term":[{"taxonomy":"category","embeddable":true,"href":"https:\/\/zonaroja.com.mx\/index.php?rest_route=%2Fwp%2Fv2%2Fcategories&post=91304"},{"taxonomy":"post_tag","embeddable":true,"href":"https:\/\/zonaroja.com.mx\/index.php?rest_route=%2Fwp%2Fv2%2Ftags&post=91304"}],"curies":[{"name":"wp","href":"https:\/\/api.w.org\/{rel}","templated":true}]}}