{"id":91307,"date":"2026-03-17T11:20:00","date_gmt":"2026-03-17T17:20:00","guid":{"rendered":"https:\/\/zonaroja.com.mx\/?p=91307"},"modified":"2026-03-17T07:45:23","modified_gmt":"2026-03-17T13:45:23","slug":"inedito-por-que-la-fgr-no-resguardo-sitio-donde-se-escondia-el-mencho","status":"publish","type":"post","link":"https:\/\/zonaroja.com.mx\/?p=91307","title":{"rendered":"In\u00e9dito: \u00bfPor qu\u00e9 la FGR no resguard\u00f3 sitio donde se escond\u00eda \u2018El Mencho\u2019?"},"content":{"rendered":"\n<p>Redacci\u00f3n\/Zona Roja Cdmx.<\/p>\n\n\n\n<p>(Informaci\u00f3n de \u201cEl Financiero\u201d)<\/p>\n\n\n\n<p>Ciudad de M\u00e9xico, a 17 de marzo de 2026.- La Fiscal\u00eda General de la Rep\u00fablica anunci\u00f3 la contaminaci\u00f3n de pruebas de la caba\u00f1a donde se encontraba Nemesio Oseguera Cervantes, \u201cEl Mencho\u201c, debido a que no aseguraron el lugar.<\/p>\n\n\n\n<p>La guarida del l\u00edder del C\u00e1rtel Jalisco Nueva Generaci\u00f3n (CJNG) se encontraba en el resort ecotur\u00edstico Tapalpa Country Club, donde lleg\u00f3 el 20 de febrero acompa\u00f1ado de su novia.<\/p>\n\n\n\n<p>Al d\u00eda siguiente, la pareja sali\u00f3 del lugar y las autoridades iniciaron el operativo para capturar a \u201cEl Mencho\u201d, que se encontraba acompa\u00f1ado de unos cuantos escoltas.<\/p>\n\n\n\n<p>Parec\u00eda el escenario perfecto para atacar al narcotraficante m\u00e1s poderoso del mundo.<\/p>\n\n\n\n<p>Durante la operaci\u00f3n t\u00e1ctica se registraron enfrentamientos armados, en una zona en campo abierto, despoblada y alejada.<\/p>\n\n\n\n<p>Seg\u00fan un comunicado de la FGR, la caba\u00f1a en Tapalpa Country Club no ofrec\u00eda condiciones m\u00ednimas de seguridad para el resguardo del personal ministerial y pericial.<\/p>\n\n\n\n<p>En ese sentido, no se realiz\u00f3 el aseguramiento inmediato de los inmuebles, sino hasta que la situaci\u00f3n fue contenida y se restablecieron condiciones m\u00ednimas de seguridad en la zona, momento en el que la FGR solicit\u00f3 a una autoridad judicial una orden de cateo para ingresar legalmente a seis inmuebles.<\/p>\n\n\n\n<p>La Fiscal\u00eda detall\u00f3 que mientras controlaban la situaci\u00f3n de violencia, diversas personas ingresaron a la guarida del \u201cMencho\u201d, lo que alter\u00f3 y contamin\u00f3 la escena.<\/p>\n\n\n\n<p>En consecuencia, esta Fiscal\u00eda no puede determinar si los objetos o indicios que p\u00fablicamente se ha se\u00f1alado que fueron encontrados en la caba\u00f1a efectivamente se hallaban ah\u00ed.<\/p>\n\n\n\n<p>Del mismo modo, no es posible establecer si los elementos encontrados fueron preservados conforme a los protocolos legales y periciales correspondientes, lo que podr\u00eda romper la cadena de custodia de eventuales pruebas.<\/p>\n","protected":false},"excerpt":{"rendered":"<p>Redacci\u00f3n\/Zona Roja Cdmx. (Informaci\u00f3n de \u201cEl Financiero\u201d) Ciudad de M\u00e9xico, a 17 de marzo de&hellip;<\/p>\n","protected":false},"author":2,"featured_media":91308,"comment_status":"closed","ping_status":"open","sticky":false,"template":"","format":"standard","meta":{"_lmt_disableupdate":"","_lmt_disable":"","_jetpack_memberships_contains_paid_content":false,"footnotes":""},"categories":[109,46],"tags":[4459],"class_list":["post-91307","post","type-post","status-publish","format-standard","has-post-thumbnail","hentry","category-minuto-a-minuto","category-zona-blanca","tag-nemesio-oseguera-el-mencho"],"jetpack_featured_media_url":"https:\/\/zonaroja.com.mx\/wp-content\/uploads\/2026\/03\/Guarida-Country-Club-El-Mencho.webp","jetpack_sharing_enabled":true,"_links":{"self":[{"href":"https:\/\/zonaroja.com.mx\/index.php?rest_route=\/wp\/v2\/posts\/91307","targetHints":{"allow":["GET"]}}],"collection":[{"href":"https:\/\/zonaroja.com.mx\/index.php?rest_route=\/wp\/v2\/posts"}],"about":[{"href":"https:\/\/zonaroja.com.mx\/index.php?rest_route=\/wp\/v2\/types\/post"}],"author":[{"embeddable":true,"href":"https:\/\/zonaroja.com.mx\/index.php?rest_route=\/wp\/v2\/users\/2"}],"replies":[{"embeddable":true,"href":"https:\/\/zonaroja.com.mx\/index.php?rest_route=%2Fwp%2Fv2%2Fcomments&post=91307"}],"version-history":[{"count":1,"href":"https:\/\/zonaroja.com.mx\/index.php?rest_route=\/wp\/v2\/posts\/91307\/revisions"}],"predecessor-version":[{"id":91309,"href":"https:\/\/zonaroja.com.mx\/index.php?rest_route=\/wp\/v2\/posts\/91307\/revisions\/91309"}],"wp:featuredmedia":[{"embeddable":true,"href":"https:\/\/zonaroja.com.mx\/index.php?rest_route=\/wp\/v2\/media\/91308"}],"wp:attachment":[{"href":"https:\/\/zonaroja.com.mx\/index.php?rest_route=%2Fwp%2Fv2%2Fmedia&parent=91307"}],"wp:term":[{"taxonomy":"category","embeddable":true,"href":"https:\/\/zonaroja.com.mx\/index.php?rest_route=%2Fwp%2Fv2%2Fcategories&post=91307"},{"taxonomy":"post_tag","embeddable":true,"href":"https:\/\/zonaroja.com.mx\/index.php?rest_route=%2Fwp%2Fv2%2Ftags&post=91307"}],"curies":[{"name":"wp","href":"https:\/\/api.w.org\/{rel}","templated":true}]}}