{"id":91312,"date":"2026-03-17T12:19:00","date_gmt":"2026-03-17T18:19:00","guid":{"rendered":"https:\/\/zonaroja.com.mx\/?p=91312"},"modified":"2026-03-17T08:23:40","modified_gmt":"2026-03-17T14:23:40","slug":"derechos-humanos-de-gobierno-precisa-que-no-hay-grupo-armado-en-atatlahuca","status":"publish","type":"post","link":"https:\/\/zonaroja.com.mx\/?p=91312","title":{"rendered":"Derechos Humanos de gobierno precisa que no hay grupo armado en Atatlahuca"},"content":{"rendered":"\n<p>Raymundo Morales\/Zona Roja.<\/p>\n\n\n\n<p>Oaxaca, Oax., a 17 de marzo de 2026.- A pesar de fue una denuncia oficial de la autoridad auxiliar, la Coordinaci\u00f3n de Atenci\u00f3n a Derechos Humanos del gobierno de Oaxaca desmiti\u00f3 que haya un grupo armado en Guerrero Grande, agencia de San Esteban Atatlahuca.<\/p>\n\n\n\n<p>Luego de la informaci\u00f3n difundida ayer tambi\u00e9n por el Centro de Derechos Humanos y Asesor\u00eda a Pueblos Ind\u00edgenas, la instituci\u00f3n emiti\u00f3 un comunicado en que precis\u00f3:&nbsp;<\/p>\n\n\n\n<p>\u201cUna persona originaria de la comunidad, que durante el conflicto comunitario radic\u00f3 en el extranjero, regres\u00f3 recientemente y solicit\u00f3, junto con su familia, autorizaci\u00f3n a la autoridad comunitaria de Guerrero Grande, San Esteban Atatlahuca, para ingresar a la comunidad con el prop\u00f3sito de revisar el estado de su vivienda.<\/p>\n\n\n\n<p>\u201c\ufeff\ufeffTras realizar dicha revisi\u00f3n, la familia manifest\u00f3 su intenci\u00f3n de permanecer en el lugar; sin embargo, esta decisi\u00f3n no fue aceptada por la autoridad comunitaria. Ante la negativa de retirarse, la autoridad inform\u00f3 a la comunidad sobre la situaci\u00f3n.<\/p>\n\n\n\n<p>\ufeff\ufeff\u201dDerivado de lo anterior, y con el fin de prevenir posibles agresiones hacia la familia o hacia integrantes de la comunidad, a trav\u00e9s de la Coordinaci\u00f3n para la Atenci\u00f3n de los Derechos Humanos (CADH) se solicit\u00f3 el apoyo de la Polic\u00eda Estatal, con el objetivo de garantizar la seguridad de la familia involucrada y contribuir a la atenci\u00f3n institucional del conflicto.&nbsp;<\/p>\n\n\n\n<p>\u201cPor ello, durante la madrugada de este lunes 16 de marzo de 2026 arribaron a la comunidad elementos de la Polic\u00eda Estatal, quienes entablaron di\u00e1logo tanto con la autoridad comunitaria como con la familia\u201d.<\/p>\n\n\n\n<p>La CADH, que preside Flor Estela Morales, sostuvo que ni las corporaciones policiales estatales ni las municipales reportaron la presencia de personas armadas, ni se registraron detonaciones de armas de fuego que pusieran en riesgo la integridad de la poblaci\u00f3n.&nbsp;<\/p>\n\n\n\n<p>\u201c\ufeff\ufeffAl momento de la emisi\u00f3n del presente comunicado, se precisa que todas y todos los integrantes de la comunidad, as\u00ed como la familia que buscaba permanecer en el lugar, se encuentran en condiciones de seguridad y no se registr\u00f3 ninguna agresi\u00f3n\u201d.<\/p>\n","protected":false},"excerpt":{"rendered":"<p>Raymundo Morales\/Zona Roja. Oaxaca, Oax., a 17 de marzo de 2026.- A pesar de fue&hellip;<\/p>\n","protected":false},"author":2,"featured_media":91313,"comment_status":"closed","ping_status":"open","sticky":false,"template":"","format":"standard","meta":{"_lmt_disableupdate":"","_lmt_disable":"","_jetpack_memberships_contains_paid_content":false,"footnotes":""},"categories":[109,46],"tags":[480,1025],"class_list":["post-91312","post","type-post","status-publish","format-standard","has-post-thumbnail","hentry","category-minuto-a-minuto","category-zona-blanca","tag-derechos-humanos","tag-san-esteban-atatlahuca"],"jetpack_featured_media_url":"https:\/\/zonaroja.com.mx\/wp-content\/uploads\/2026\/03\/Comunicado-CADH-Atatlahuca.jpg","jetpack_sharing_enabled":true,"_links":{"self":[{"href":"https:\/\/zonaroja.com.mx\/index.php?rest_route=\/wp\/v2\/posts\/91312","targetHints":{"allow":["GET"]}}],"collection":[{"href":"https:\/\/zonaroja.com.mx\/index.php?rest_route=\/wp\/v2\/posts"}],"about":[{"href":"https:\/\/zonaroja.com.mx\/index.php?rest_route=\/wp\/v2\/types\/post"}],"author":[{"embeddable":true,"href":"https:\/\/zonaroja.com.mx\/index.php?rest_route=\/wp\/v2\/users\/2"}],"replies":[{"embeddable":true,"href":"https:\/\/zonaroja.com.mx\/index.php?rest_route=%2Fwp%2Fv2%2Fcomments&post=91312"}],"version-history":[{"count":1,"href":"https:\/\/zonaroja.com.mx\/index.php?rest_route=\/wp\/v2\/posts\/91312\/revisions"}],"predecessor-version":[{"id":91314,"href":"https:\/\/zonaroja.com.mx\/index.php?rest_route=\/wp\/v2\/posts\/91312\/revisions\/91314"}],"wp:featuredmedia":[{"embeddable":true,"href":"https:\/\/zonaroja.com.mx\/index.php?rest_route=\/wp\/v2\/media\/91313"}],"wp:attachment":[{"href":"https:\/\/zonaroja.com.mx\/index.php?rest_route=%2Fwp%2Fv2%2Fmedia&parent=91312"}],"wp:term":[{"taxonomy":"category","embeddable":true,"href":"https:\/\/zonaroja.com.mx\/index.php?rest_route=%2Fwp%2Fv2%2Fcategories&post=91312"},{"taxonomy":"post_tag","embeddable":true,"href":"https:\/\/zonaroja.com.mx\/index.php?rest_route=%2Fwp%2Fv2%2Ftags&post=91312"}],"curies":[{"name":"wp","href":"https:\/\/api.w.org\/{rel}","templated":true}]}}