{"id":91315,"date":"2026-03-17T14:25:00","date_gmt":"2026-03-17T20:25:00","guid":{"rendered":"https:\/\/zonaroja.com.mx\/?p=91315"},"modified":"2026-03-17T17:29:19","modified_gmt":"2026-03-17T23:29:19","slug":"damara-rosales-convierte-recuerdos-de-su-infancia-en-esculturas-y-pinturas","status":"publish","type":"post","link":"https:\/\/zonaroja.com.mx\/?p=91315","title":{"rendered":"Damara Rosales convierte recuerdos de su infancia en esculturas y pinturas\u00a0"},"content":{"rendered":"\n<p>Redacci\u00f3n\/Zona Roja.<\/p>\n\n\n\n<p>Oaxaca, Oax., a 17 de marzo de 2026.- Memorias de su infancia es lo que Damara Rosales toma como punto de partida para crear una serie de esculturas de mediano formato y pinturas al \u00f3leo que re\u00fane en la exposici\u00f3n&nbsp;\u201cDonde arden mis recuerdos\u201d, \u00e9sta la presenta, a partir del viernes 13 de marzo, en \u201cEl Alacr\u00e1n\u201d, un espacio de Amigos del IAGO y del CFMAB A.C.&nbsp;<\/p>\n\n\n\n<p>\u201cLo que m\u00e1s destaca de esta exposici\u00f3n son piezas que se muestran fr\u00e1giles, fragmentadas e h\u00edbridas, ya que me interesa hablar de c\u00f3mo la memoria no desaparece, encarna y sigue moldeando quienes somos\u201d, detall\u00f3 la artista pl\u00e1stica.<\/p>\n\n\n\n<p>Agreg\u00f3 que la muestra&nbsp;\u201cDonde arden mis recuerdos\u201d,\u201csurgi\u00f3 de sue\u00f1os y memorias de mi infancia, memorias que todav\u00eda me habitan, por eso decido materializar estas sensaciones a trav\u00e9s de la escultura, utilizando como materia principal el barro y la pasta cer\u00e1mica.&nbsp;<\/p>\n\n\n\n<p>\u201cTrabajo con procesos como el ahumado en horno de le\u00f1a y la aplicaci\u00f3n de englobes. Me interesa como el fuego y el color transforman la pieza as\u00ed como la memoria transforma lo que permanece en nosotros\u201d.<\/p>\n\n\n\n<p>Rosales mencion\u00f3 que le interesa abordar el tema de la infancia porque es el primer lugar que habitamos en el mundo, \u201cnos vamos desarrollando y creciendo, la infancia es como vimos por primera vez el mundo, eso queda impregnado en nosotros y sigue moldeando como somos\u201d.<\/p>\n\n\n\n<p>En la exposici\u00f3n podr\u00e1n ver esculturas de mediano formato, hay casas, fragmentos de casas, objetos cotidianos, como llaves, tijeras, personajes como mu\u00f1ecos con caracter\u00edsticas tristes, personajes h\u00edbridos, sobre todo objetos que se pueden encontrar dentro de una casa, adem\u00e1s de tres pinturas en \u00f3leo, utilizando colores pasteles, que son colores que remiten a la artista a su infancia.<\/p>\n\n\n\n<p>Damara Rosales vive y trabaja en la ciudad de Oaxaca, es egresada de la licenciatura en Artes pl\u00e1sticas y visuales de la Universidad Aut\u00f3noma de \u201cBenito Ju\u00e1rez\u201d de Oaxaca (UABJO), como parte de su formaci\u00f3n art\u00edstica ha tomado diversos talleres en centros culturales y talleres independientes, se ha<\/p>\n\n\n\n<p>involucrado en t\u00e9cnicas como el grabado, pintura y cer\u00e1mica.<\/p>\n\n\n\n<p>Donde arden mis recuerdos&nbsp;se presenta en \u201cEl Alacr\u00e1n\u201d del 13 de marzo al 25 de abril, este espacio se encuentra en Murgu\u00eda 302 y abre de lunes a viernes de 10 a 15 horas y de 16 a 18 horas y los s\u00e1bados de 10 a 14 horas.<\/p>\n","protected":false},"excerpt":{"rendered":"<p>Redacci\u00f3n\/Zona Roja. Oaxaca, Oax., a 17 de marzo de 2026.- Memorias de su infancia es&hellip;<\/p>\n","protected":false},"author":2,"featured_media":91317,"comment_status":"closed","ping_status":"open","sticky":false,"template":"","format":"standard","meta":{"_lmt_disableupdate":"","_lmt_disable":"","_jetpack_memberships_contains_paid_content":false,"footnotes":""},"categories":[109,47],"tags":[4722],"class_list":["post-91315","post","type-post","status-publish","format-standard","has-post-thumbnail","hentry","category-minuto-a-minuto","category-zona-gris","tag-damara-rosales"],"jetpack_featured_media_url":"https:\/\/zonaroja.com.mx\/wp-content\/uploads\/2026\/03\/img_9319.jpg","jetpack_sharing_enabled":true,"_links":{"self":[{"href":"https:\/\/zonaroja.com.mx\/index.php?rest_route=\/wp\/v2\/posts\/91315","targetHints":{"allow":["GET"]}}],"collection":[{"href":"https:\/\/zonaroja.com.mx\/index.php?rest_route=\/wp\/v2\/posts"}],"about":[{"href":"https:\/\/zonaroja.com.mx\/index.php?rest_route=\/wp\/v2\/types\/post"}],"author":[{"embeddable":true,"href":"https:\/\/zonaroja.com.mx\/index.php?rest_route=\/wp\/v2\/users\/2"}],"replies":[{"embeddable":true,"href":"https:\/\/zonaroja.com.mx\/index.php?rest_route=%2Fwp%2Fv2%2Fcomments&post=91315"}],"version-history":[{"count":1,"href":"https:\/\/zonaroja.com.mx\/index.php?rest_route=\/wp\/v2\/posts\/91315\/revisions"}],"predecessor-version":[{"id":91316,"href":"https:\/\/zonaroja.com.mx\/index.php?rest_route=\/wp\/v2\/posts\/91315\/revisions\/91316"}],"wp:featuredmedia":[{"embeddable":true,"href":"https:\/\/zonaroja.com.mx\/index.php?rest_route=\/wp\/v2\/media\/91317"}],"wp:attachment":[{"href":"https:\/\/zonaroja.com.mx\/index.php?rest_route=%2Fwp%2Fv2%2Fmedia&parent=91315"}],"wp:term":[{"taxonomy":"category","embeddable":true,"href":"https:\/\/zonaroja.com.mx\/index.php?rest_route=%2Fwp%2Fv2%2Fcategories&post=91315"},{"taxonomy":"post_tag","embeddable":true,"href":"https:\/\/zonaroja.com.mx\/index.php?rest_route=%2Fwp%2Fv2%2Ftags&post=91315"}],"curies":[{"name":"wp","href":"https:\/\/api.w.org\/{rel}","templated":true}]}}