{"id":9132,"date":"2020-02-24T18:15:14","date_gmt":"2020-02-25T00:15:14","guid":{"rendered":"http:\/\/www.zonaroja.com.mx\/?p=9132"},"modified":"2020-02-24T18:15:18","modified_gmt":"2020-02-25T00:15:18","slug":"estrecha-poder-judicial-de-oaxaca-colaboracion-con-agrupaciones-de-profesionistas","status":"publish","type":"post","link":"https:\/\/zonaroja.com.mx\/?p=9132","title":{"rendered":"Estrecha Poder Judicial de Oaxaca colaboraci\u00f3n con agrupaciones de profesionistas"},"content":{"rendered":"\n<p>Redacci\u00f3n\/Zona\nRoja.<\/p>\n\n\n\n<p>Oaxaca de\nJu\u00e1rez, Oax., 24 de febrero de 2020.- En su apertura y disposici\u00f3n de\nestablecer v\u00ednculos de colaboraci\u00f3n e intercambiar puntos de vista y\nexperiencias para implementar las acciones necesarias que permitan fortalecer\nel acceso a la justicia, agilizar los procesos y el servicio a la ciudadan\u00eda,\nel presidente del Tribunal Superior de Justicia, Eduardo Pinacho S\u00e1nchez, ha\nsostenido reuniones con integrantes de diferentes agrupaciones de juristas.<\/p>\n\n\n\n<p>Lo anterior\ncon la premisa de que la responsabilidad de administrar justicia es compartida\nentre el personal que labora en el Poder Judicial, las barras, asociaciones y\ncolegios de abogados, as\u00ed como de las instituciones de educaci\u00f3n superior y de\nlos justiciables.<\/p>\n\n\n\n<p>Por ello, el\n\u00f3rgano se ha reunido con diversos gremios, como el Colegio Nacional de\nLicenciados en Derecho, el Colegio de Abogados Penalistas de Oaxaca, la Organizaci\u00f3n\nde Abogados en L\u00ednea Horizontal del Estado de Oaxaca, el Colegio Nacional de\nLicenciados en Derecho, Juristas de la Mixteca, la Barra Oaxaque\u00f1a de Abogados\ny Pasantes de Derechos Independientes A.C., la Asociaci\u00f3n Civil Praxis\nUniversitaria y el Colegio de Abogados Mexicanos del Juicio Oral, S.C.<\/p>\n\n\n\n<p>Los\nprofesionistas han externado al titular del Poder Judicial su reconocimiento y\nfelicitaci\u00f3n tanto por la trayectoria que le distingue como abogado y docente,\nal igual que por su elecci\u00f3n como presidente del Tribunal Superior de Justicia,\nadem\u00e1s de expresarle su disposici\u00f3n de colaborar en acciones que permitan\nfortalecer la atenci\u00f3n a la ciudadan\u00eda.<\/p>\n\n\n\n<p>En las\nreuniones realizadas en los primeros 40 d\u00edas del inicio de esta nueva\nadministraci\u00f3n, el Magistrado Presidente anunci\u00f3 que como parte de las acciones\nque pondr\u00e1 en marcha para la mejora continua de los procesos jurisdiccionales,\nse implementar\u00e1 el proyecto TribunaTel, un servicio de atenci\u00f3n y orientaci\u00f3n\nal p\u00fablico y a los abogados, a trav\u00e9s de un n\u00famero telef\u00f3nico gratuito para\nquejas, inconformidades y atenci\u00f3n directa.<\/p>\n\n\n\n<p>Adem\u00e1s, se\nestablecer\u00e1n medidas ejemplares en casos de corrupci\u00f3n, se reestructurar\u00e1 la\nVisitadur\u00eda General y se promover\u00e1 la Justicia Alternativa. \u201cJuntos daremos\npasos adelante\u201d, dijo a los abogados.<\/p>\n\n\n\n<p>En\nentrevista luego de una reuni\u00f3n con el titular del Poder Judicial, el\npresidente de la Barra Oaxaque\u00f1a de Abogados y Pasantes de Derechos\nIndependientes A.C., licenciado Sa\u00fal Alberto \u00c1ngel Villarreal agrupaci\u00f3n -con\n32 a\u00f1os de existencia y aproximadamente 5,800 agremiados-, apunt\u00f3 que este\ncontacto con la sociedad permite que den a conocer sus inquietudes y le\nplanteen la situaci\u00f3n que viven con sus asuntos en los juzgados. <\/p>\n","protected":false},"excerpt":{"rendered":"<p>Redacci\u00f3n\/Zona Roja. Oaxaca de Ju\u00e1rez, Oax., 24 de febrero de 2020.- En su apertura y&hellip;<\/p>\n","protected":false},"author":2,"featured_media":9136,"comment_status":"closed","ping_status":"open","sticky":false,"template":"","format":"standard","meta":{"_lmt_disableupdate":"","_lmt_disable":"","_jetpack_memberships_contains_paid_content":false,"footnotes":""},"categories":[109,46],"tags":[1225,1369],"class_list":["post-9132","post","type-post","status-publish","format-standard","has-post-thumbnail","hentry","category-minuto-a-minuto","category-zona-blanca","tag-eduardo-pinacho-sanchez","tag-tribunal-superior-de-justicia-de-oaxacatsejo"],"jetpack_featured_media_url":"https:\/\/zonaroja.com.mx\/wp-content\/uploads\/2020\/02\/Barra-Oaxaque\u00f1a-de-Abogados-y-Pasantes-de-Derechos-Independientes-A.C.-3.jpg","jetpack_sharing_enabled":true,"_links":{"self":[{"href":"https:\/\/zonaroja.com.mx\/index.php?rest_route=\/wp\/v2\/posts\/9132","targetHints":{"allow":["GET"]}}],"collection":[{"href":"https:\/\/zonaroja.com.mx\/index.php?rest_route=\/wp\/v2\/posts"}],"about":[{"href":"https:\/\/zonaroja.com.mx\/index.php?rest_route=\/wp\/v2\/types\/post"}],"author":[{"embeddable":true,"href":"https:\/\/zonaroja.com.mx\/index.php?rest_route=\/wp\/v2\/users\/2"}],"replies":[{"embeddable":true,"href":"https:\/\/zonaroja.com.mx\/index.php?rest_route=%2Fwp%2Fv2%2Fcomments&post=9132"}],"version-history":[{"count":1,"href":"https:\/\/zonaroja.com.mx\/index.php?rest_route=\/wp\/v2\/posts\/9132\/revisions"}],"predecessor-version":[{"id":9137,"href":"https:\/\/zonaroja.com.mx\/index.php?rest_route=\/wp\/v2\/posts\/9132\/revisions\/9137"}],"wp:featuredmedia":[{"embeddable":true,"href":"https:\/\/zonaroja.com.mx\/index.php?rest_route=\/wp\/v2\/media\/9136"}],"wp:attachment":[{"href":"https:\/\/zonaroja.com.mx\/index.php?rest_route=%2Fwp%2Fv2%2Fmedia&parent=9132"}],"wp:term":[{"taxonomy":"category","embeddable":true,"href":"https:\/\/zonaroja.com.mx\/index.php?rest_route=%2Fwp%2Fv2%2Fcategories&post=9132"},{"taxonomy":"post_tag","embeddable":true,"href":"https:\/\/zonaroja.com.mx\/index.php?rest_route=%2Fwp%2Fv2%2Ftags&post=9132"}],"curies":[{"name":"wp","href":"https:\/\/api.w.org\/{rel}","templated":true}]}}