{"id":9138,"date":"2020-02-24T18:37:32","date_gmt":"2020-02-25T00:37:32","guid":{"rendered":"http:\/\/www.zonaroja.com.mx\/?p=9138"},"modified":"2020-02-24T18:37:35","modified_gmt":"2020-02-25T00:37:35","slug":"activistas-presentan-iniciativa-ciudadana-para-caminar-seguras-en-las-calles","status":"publish","type":"post","link":"https:\/\/zonaroja.com.mx\/?p=9138","title":{"rendered":"Activistas presentan iniciativa ciudadana para caminar seguras en las calles"},"content":{"rendered":"\n<p>Evlin Arag\u00f3n\/Zona\nRoja.<\/p>\n\n\n\n<p>Oaxaca de\nJu\u00e1rez, Oax., 24 de febrero de 2020.- Caminar por las calles, abordar el\ntransporte p\u00fablico, trasladarse en bicicleta, pasar la tarde en el parque o\nasistir a tu caf\u00e9 o restaurante favorito sin miedo, es un derecho que todas y\ntodos deber\u00edamos gozar por igual. <\/p>\n\n\n\n<p>Esta es la\npremisa que da origen a la iniciativa ciudadana denominada Red Caminemos,\nconformada por mujeres j\u00f3venes que buscan incidir en la reducci\u00f3n del acoso,\nhostigamiento y violencia en la v\u00eda p\u00fablica.<\/p>\n\n\n\n<p>Lo anterior\nmediante la articulaci\u00f3n y el trabajo coordinado con negocios y empresas\nubicadas en los municipios de Oaxaca de Ju\u00e1rez y Santa Cruz Xoxocotl\u00e1n, que\npreviamente son capacitados con un enfoque de primeros auxilios psicol\u00f3gicos\nque les permita responder de primera cuenta ante una denuncia de violencia por\nparte de una mujer.<\/p>\n\n\n\n<p>As\u00ed lo dio a\nconocer Elizabeth Mosqueda Rivera, coordinadora de la Red Caminemos, adherida a\nla organizaci\u00f3n Consorcio Oaxaca, que adem\u00e1s present\u00f3 una aplicaci\u00f3n para\ntel\u00e9fonos celulares mediante la cual la ciudadan\u00eda en general puede ubicar los\nestablecimientos que se han comprometido en contra de la violencia en la v\u00eda\np\u00fablica y pueden ayudar de manera moment\u00e1nea a quienes se encuentren en riesgo.<\/p>\n\n\n\n<p>De acuerdo\ncon Mosqueda Rivera en Oaxaca se registran m\u00faltiples agresiones en la v\u00eda\np\u00fablica que van desde miradas y comentarios obscenos, hasta exhibicionismo,\npersecuci\u00f3n, tocamientos, amenazas, abuso sexual, violaci\u00f3n, secuestro y\nfeminicidio; por ello se ha hecho necesario atender esta grave problem\u00e1tica que\nlimita, en su mayor\u00eda, a las mujeres para el pleno uso y disfrute del espacio\np\u00fablico.<\/p>\n\n\n\n<p>Lo anterior\nse pudo corroborar mediante una encuesta previa que respondieron varias\nusuarias en las redes sociales quienes refirieron que los principales\nincidentes de los que han sido v\u00edctimas con mayor frecuencia son: acoso sexual\nverbal, miradas lascivas, pl\u00e1ticas forzadas, exhibicionismo y masturbaci\u00f3n\np\u00fablica, tocamientos sin consentimiento, privaci\u00f3n de libre tr\u00e1nsito en espacio\np\u00fablicos e intentos de secuestro.<\/p>\n\n\n\n<p>Todos los\nactos violentos anteriormente citados se registraron en un 55 por ciento, en un\nhorario de 12 a 6 de la tarde; seguido de un 29.9 por ciento, de las 6 a las 11\nde noche como segundo horario con mayor riesgo; para finalizar con un menor\ngrado de incidencia en la madrugada, con un dos por ciento.<\/p>\n\n\n\n<p>De las mujeres que lograron defenderse, una buena parte consigui\u00f3 pedir ayuda o resguardarse en establecimientos cercanos a donde se registr\u00f3 la agresi\u00f3n, por lo que consideran que los negocios pueden contribuir a generar espacios m\u00e1s seguros para el libre tr\u00e1nsito de ni\u00f1as y mujeres. Es decir que no est\u00e1n solas en las calles y que la seguridad se puede construir entre todas y todos.<\/p>\n\n\n\n<figure class=\"wp-block-embed-twitter wp-block-embed is-type-rich is-provider-twitter\"><div class=\"wp-block-embed__wrapper\">\n<div class=\"twitter-tweet\"><blockquote class=\"twitter-tweet\" data-lang=\"es\"><p lang=\"es\" dir=\"ltr\"><a href=\"https:\/\/twitter.com\/hashtag\/ENVIVO?src=hash&amp;ref_src=twsrc%5Etfw\">#ENVIVO<\/a><br>Oaxaca de Ju\u00e1rez, Oax., 24 de febrero de 2020.- Conferencia de prensa Presentaci\u00f3n de la Red de Espacios Seguros para Mujeres. Consorcio para el Di\u00e1logo Parlamentario y empresas. <br>\ud83d\udc47<a href=\"https:\/\/t.co\/r5530ATW6N\">https:\/\/t.co\/r5530ATW6N<\/a> <a href=\"https:\/\/t.co\/VRqaady9rj\">pic.twitter.com\/VRqaady9rj<\/a><\/p>&mdash; Zona Roja Oaxaca (@MexRoja) <a href=\"https:\/\/twitter.com\/MexRoja\/status\/1231990994112925707?ref_src=twsrc%5Etfw\">24 de febrero de 2020<\/a><\/blockquote><\/div>\n<\/div><\/figure>\n\n\n\n<p>De acuerdo\ncon las integrantes de la red de noviembre a la fecha han respondido 80\nestablecimientos ubicados en el municipio de Oaxaca de Ju\u00e1rez y Santa Cruz\nXoxocotl\u00e1n, cuyo personal se ha mostrado en la disposici\u00f3n no s\u00f3lo de aprender\nsobre el tema, sino en ser el primer acercamiento de una mujer que se encuentre\nvulnerable.<\/p>\n\n\n\n<p>\u201cLa\nviolencia contra las mujeres en los espacios p\u00fablicos es muy grave en Oaxaca\npor eso celebramos que diversos establecimientos se est\u00e9n convirtiendo en\nespacios seguros para nosotras. Hay tener en cuenta que la seguridad la\nconstruimos todas y todos\u201d, detall\u00f3.<\/p>\n\n\n\n<p>El kit\ndenominado de primeros auxilios psicol\u00f3gicos, que se le otorga a los\nestablecimientos, consta de una gu\u00eda para la atenci\u00f3n de la violencia de g\u00e9nero\nen el espacio p\u00fablico, un director de instancias a las cuales acudir, algunos\ntips para detectar el acoso y hostigamiento al interior de sus establecimiento,\nentre otras cosas.<\/p>\n\n\n\n<p>Algunos\nestablecimientos y espacios que se han unido a la iniciativa son: La Locomotora\nForo Esc\u00e9nico, caf\u00e9 la Luz de Oaxaca, \u00c1mbar Studio, Xiguela Caf\u00e9, Pizza More\nM\u00eda, Caf\u00e9 Criollo, Espacio Morillo, Robobrik Oaxaca, Malak Coffee House,\nAmoreto, La Matatena Pizzer\u00eda, Caf\u00e9bre, Caf\u00e9 La Antigua, Caf\u00e9 Caracol P\u00farpura,\nDental Care, BoOom Coffee, Gloria Cl\u00ednica de Belleza, Mezcales Cuish, Axolote\nNegro Oaxaca, Hostal Paulina, Oscuro Brebaje, entre muchos otros que pueden ser\nubicados con una lona de la Red Caminemos.<\/p>\n\n\n\n<p>Finalmente,\nlas activistas pidieron mayor atenci\u00f3n por parte de las autoridades de\nGobierno, al demostrar que existe una problem\u00e1tica real en torno a la violencia\nde g\u00e9nero en la v\u00eda p\u00fablica y la posibilidad de accionar con medidas colectivas\ncomo la que reci\u00e9n anunciaron de car\u00e1cter ciudadano, pero que da muestra de que\nse puede generar acciones efectivas en beneficio de las mujeres.<\/p>\n","protected":false},"excerpt":{"rendered":"<p>Evlin Arag\u00f3n\/Zona Roja. Oaxaca de Ju\u00e1rez, Oax., 24 de febrero de 2020.- Caminar por las&hellip;<\/p>\n","protected":false},"author":2,"featured_media":9139,"comment_status":"closed","ping_status":"open","sticky":false,"template":"","format":"standard","meta":{"_lmt_disableupdate":"","_lmt_disable":"","_jetpack_memberships_contains_paid_content":false,"footnotes":""},"categories":[109,47],"tags":[548,1418],"class_list":["post-9138","post","type-post","status-publish","format-standard","has-post-thumbnail","hentry","category-minuto-a-minuto","category-zona-gris","tag-consorcio-oaxaca","tag-red-caminemos-oaxaca"],"jetpack_featured_media_url":"https:\/\/zonaroja.com.mx\/wp-content\/uploads\/2020\/02\/Caminemos-Consorcio.jpg","jetpack_sharing_enabled":true,"_links":{"self":[{"href":"https:\/\/zonaroja.com.mx\/index.php?rest_route=\/wp\/v2\/posts\/9138","targetHints":{"allow":["GET"]}}],"collection":[{"href":"https:\/\/zonaroja.com.mx\/index.php?rest_route=\/wp\/v2\/posts"}],"about":[{"href":"https:\/\/zonaroja.com.mx\/index.php?rest_route=\/wp\/v2\/types\/post"}],"author":[{"embeddable":true,"href":"https:\/\/zonaroja.com.mx\/index.php?rest_route=\/wp\/v2\/users\/2"}],"replies":[{"embeddable":true,"href":"https:\/\/zonaroja.com.mx\/index.php?rest_route=%2Fwp%2Fv2%2Fcomments&post=9138"}],"version-history":[{"count":1,"href":"https:\/\/zonaroja.com.mx\/index.php?rest_route=\/wp\/v2\/posts\/9138\/revisions"}],"predecessor-version":[{"id":9140,"href":"https:\/\/zonaroja.com.mx\/index.php?rest_route=\/wp\/v2\/posts\/9138\/revisions\/9140"}],"wp:featuredmedia":[{"embeddable":true,"href":"https:\/\/zonaroja.com.mx\/index.php?rest_route=\/wp\/v2\/media\/9139"}],"wp:attachment":[{"href":"https:\/\/zonaroja.com.mx\/index.php?rest_route=%2Fwp%2Fv2%2Fmedia&parent=9138"}],"wp:term":[{"taxonomy":"category","embeddable":true,"href":"https:\/\/zonaroja.com.mx\/index.php?rest_route=%2Fwp%2Fv2%2Fcategories&post=9138"},{"taxonomy":"post_tag","embeddable":true,"href":"https:\/\/zonaroja.com.mx\/index.php?rest_route=%2Fwp%2Fv2%2Ftags&post=9138"}],"curies":[{"name":"wp","href":"https:\/\/api.w.org\/{rel}","templated":true}]}}