{"id":9144,"date":"2020-02-24T21:26:13","date_gmt":"2020-02-25T03:26:13","guid":{"rendered":"http:\/\/www.zonaroja.com.mx\/?p=9144"},"modified":"2020-02-24T21:57:54","modified_gmt":"2020-02-25T03:57:54","slug":"mato-a-balazos-a-un-perro-en-huatulco-fue-detenido-y-vinculado-a-proceso","status":"publish","type":"post","link":"https:\/\/zonaroja.com.mx\/?p=9144","title":{"rendered":"Mat\u00f3 a balazos a un perro en Huatulco; fue detenido y vinculado a proceso"},"content":{"rendered":"\n<p>Redacci\u00f3n\/Zona\nRoja.<\/p>\n\n\n\n<p>Oaxaca de Ju\u00e1rez,\nOax., 24 de febrero de 2020.- Un individuo que mat\u00f3 a balazos a un perro en\nSanta Mar\u00eda Huatulco, fue detenido y vinculado a proceso cuatro meses despu\u00e9s\nde los hechos.<\/p>\n\n\n\n<p>La Fiscal\u00eda\nGeneral del Estado de Oaxaca (FGEO) inform\u00f3 que se trata del masculino\nidentificado como C. L. O., se\u00f1alado como probable responsable del delito de\nprivaci\u00f3n de la vida de un animal vertebrado (canino), cometido en noviembre de\n2019, en la localidad de Arroyo Gonz\u00e1lez, municipio de Santa Mar\u00eda Huatulco.<\/p>\n\n\n\n<p>El imputado\nfue aprehendido por Agentes Estatales de Investigaci\u00f3n y presentado ante la\nautoridad judicial, con lo cual se dio cumplimiento a la orden de aprehensi\u00f3n\nasentada en la causa penal 565\/2019.<\/p>\n\n\n\n<p>\u201cLos hechos\nse suscitaron el 30 de octubre de 2019 (SIC), aproximadamente a las 07:30\nhoras, cuando el imputado priv\u00f3 de la vida con un disparo de arma de fuego al\ncanino de la raza Weimaraner, propiedad de J. O. G. S., en inmediaciones del\ndomicilio de la v\u00edctima\u201d, inform\u00f3 en un comunicado.<\/p>\n\n\n\n<p>Indic\u00f3 que ante\nestos hechos, inici\u00f3 la investigaci\u00f3n correspondiente -a trav\u00e9s de la Vicefiscal\u00eda\nRegional de la Costa-; aprehendi\u00f3 y present\u00f3 al probable responsable ante la\nautoridad judicial que lo requiri\u00f3.<\/p>\n\n\n\n<p>En audiencia realizada el 18 de febrero de 2020, el Juez de Control dict\u00f3 auto de vinculaci\u00f3n a proceso contra C. L. O., otorgando dos meses para el cierre de la investigaci\u00f3n complementaria.<\/p>\n\n\n\n<figure class=\"wp-block-image\"><img decoding=\"async\" width=\"792\" height=\"1024\" src=\"http:\/\/www.zonaroja.com.mx\/wp-content\/uploads\/2020\/02\/Comunicado-FGEO-792x1024.jpg\" alt=\"\" class=\"wp-image-9147\" srcset=\"https:\/\/zonaroja.com.mx\/wp-content\/uploads\/2020\/02\/Comunicado-FGEO.jpg 792w, https:\/\/zonaroja.com.mx\/wp-content\/uploads\/2020\/02\/Comunicado-FGEO-232x300.jpg 232w, https:\/\/zonaroja.com.mx\/wp-content\/uploads\/2020\/02\/Comunicado-FGEO-768x993.jpg 768w, https:\/\/zonaroja.com.mx\/wp-content\/uploads\/2020\/02\/Comunicado-FGEO-585x756.jpg 585w\" sizes=\"(max-width: 792px) 100vw, 792px\" \/><\/figure>\n","protected":false},"excerpt":{"rendered":"<p>Redacci\u00f3n\/Zona Roja. Oaxaca de Ju\u00e1rez, Oax., 24 de febrero de 2020.- Un individuo que mat\u00f3&hellip;<\/p>\n","protected":false},"author":2,"featured_media":9145,"comment_status":"closed","ping_status":"open","sticky":false,"template":"","format":"standard","meta":{"_lmt_disableupdate":"","_lmt_disable":"","_jetpack_memberships_contains_paid_content":false,"footnotes":""},"categories":[1,47],"tags":[1420],"class_list":["post-9144","post","type-post","status-publish","format-standard","has-post-thumbnail","hentry","category-sin-categoria","category-zona-gris","tag-matan-a-balazos-a-perro-en-huatulco"],"jetpack_featured_media_url":"https:\/\/zonaroja.com.mx\/wp-content\/uploads\/2020\/02\/Perra-Panchis.jpg","jetpack_sharing_enabled":true,"_links":{"self":[{"href":"https:\/\/zonaroja.com.mx\/index.php?rest_route=\/wp\/v2\/posts\/9144","targetHints":{"allow":["GET"]}}],"collection":[{"href":"https:\/\/zonaroja.com.mx\/index.php?rest_route=\/wp\/v2\/posts"}],"about":[{"href":"https:\/\/zonaroja.com.mx\/index.php?rest_route=\/wp\/v2\/types\/post"}],"author":[{"embeddable":true,"href":"https:\/\/zonaroja.com.mx\/index.php?rest_route=\/wp\/v2\/users\/2"}],"replies":[{"embeddable":true,"href":"https:\/\/zonaroja.com.mx\/index.php?rest_route=%2Fwp%2Fv2%2Fcomments&post=9144"}],"version-history":[{"count":2,"href":"https:\/\/zonaroja.com.mx\/index.php?rest_route=\/wp\/v2\/posts\/9144\/revisions"}],"predecessor-version":[{"id":9148,"href":"https:\/\/zonaroja.com.mx\/index.php?rest_route=\/wp\/v2\/posts\/9144\/revisions\/9148"}],"wp:featuredmedia":[{"embeddable":true,"href":"https:\/\/zonaroja.com.mx\/index.php?rest_route=\/wp\/v2\/media\/9145"}],"wp:attachment":[{"href":"https:\/\/zonaroja.com.mx\/index.php?rest_route=%2Fwp%2Fv2%2Fmedia&parent=9144"}],"wp:term":[{"taxonomy":"category","embeddable":true,"href":"https:\/\/zonaroja.com.mx\/index.php?rest_route=%2Fwp%2Fv2%2Fcategories&post=9144"},{"taxonomy":"post_tag","embeddable":true,"href":"https:\/\/zonaroja.com.mx\/index.php?rest_route=%2Fwp%2Fv2%2Ftags&post=9144"}],"curies":[{"name":"wp","href":"https:\/\/api.w.org\/{rel}","templated":true}]}}