{"id":9152,"date":"2020-02-24T22:27:17","date_gmt":"2020-02-25T04:27:17","guid":{"rendered":"http:\/\/www.zonaroja.com.mx\/?p=9152"},"modified":"2020-02-24T22:27:20","modified_gmt":"2020-02-25T04:27:20","slug":"incesante-inseguridad-en-la-ciudad-de-oaxaca-tres-asaltos-hoy-y-un-baleado","status":"publish","type":"post","link":"https:\/\/zonaroja.com.mx\/?p=9152","title":{"rendered":"Incesante, inseguridad en la ciudad de Oaxaca; tres asaltos hoy y un baleado"},"content":{"rendered":"\n<p>Redacci\u00f3n\/Zona\nRoja.<\/p>\n\n\n\n<p>Oaxaca de\nJu\u00e1rez, Oax., 24 de febrero de 2020.- Al menos tres asaltos se cometieron hoy\nen la ciudad de Oaxaca, con una persona lesionada de bala, ante la falta de seguridad\ny vigilancia por parte del ayuntamiento que encabeza el edil Oswaldo Garc\u00eda\nJarqu\u00edn.<\/p>\n\n\n\n<p>El primer\nhecho ocurri\u00f3 minutos antes del mediod\u00eda, en la avenida Universidad, al sur de\nla capital, en la colindancia con Santa Cruz Xoxocotl\u00e1n, donde fue baleado un\nindividuo, a quien presuntamente robaron 100 mil pesos.<\/p>\n\n\n\n<p>Fue en el\nacceso al estacionamiento de dicho centro comercial, en que al menos dos\nsujetos armados dispararon en contra de Plutarco J.M, trabajador de la empresa\nJymsa, en el interior de su coche, marca Nissan, tipo Aprio, con placas de\ncirculaci\u00f3n TLB-8813 de Oaxaca, tras lo cual huyeron a bordo de una camioneta,\nseg\u00fan testigos.<\/p>\n\n\n\n<p>El lesionado\nfue atendido por personal del Heroico Cuerpo de Bomberos, tras lo cual lo\ntraslad\u00f3 a un hospital.<\/p>\n\n\n\n<p>Casi a la\nmisma hora pero en la calle de Perif\u00e9rico esquina con Las Casas, cerca del\nMercado de Abasto, fue asaltada otra persona; elementos policiacos llegaron\ntambi\u00e9n tarde y no pudieron detener a nadie.<\/p>\n\n\n\n<p>Mientras que\nsobre la avenida S\u00edmbolos Patrios casi esquina con Perif\u00e9rico, tambi\u00e9n conocido\ncomo bulevar Eduardo Mata, una persona m\u00e1s fue atracada; los polic\u00edas tampoco hallarlo\nal lo los probables agresores.<\/p>\n","protected":false},"excerpt":{"rendered":"<p>Redacci\u00f3n\/Zona Roja. Oaxaca de Ju\u00e1rez, Oax., 24 de febrero de 2020.- Al menos tres asaltos&hellip;<\/p>\n","protected":false},"author":2,"featured_media":9153,"comment_status":"closed","ping_status":"open","sticky":false,"template":"","format":"standard","meta":{"_lmt_disableupdate":"","_lmt_disable":"","_jetpack_memberships_contains_paid_content":false,"footnotes":""},"categories":[109,51],"tags":[1413],"class_list":["post-9152","post","type-post","status-publish","format-standard","has-post-thumbnail","hentry","category-minuto-a-minuto","category-zona-roja","tag-asaltos-ciudad-de-oaxaca"],"jetpack_featured_media_url":"https:\/\/zonaroja.com.mx\/wp-content\/uploads\/2020\/02\/Asalto-Plaza-del-Valle-Oaxaca.png","jetpack_sharing_enabled":true,"_links":{"self":[{"href":"https:\/\/zonaroja.com.mx\/index.php?rest_route=\/wp\/v2\/posts\/9152","targetHints":{"allow":["GET"]}}],"collection":[{"href":"https:\/\/zonaroja.com.mx\/index.php?rest_route=\/wp\/v2\/posts"}],"about":[{"href":"https:\/\/zonaroja.com.mx\/index.php?rest_route=\/wp\/v2\/types\/post"}],"author":[{"embeddable":true,"href":"https:\/\/zonaroja.com.mx\/index.php?rest_route=\/wp\/v2\/users\/2"}],"replies":[{"embeddable":true,"href":"https:\/\/zonaroja.com.mx\/index.php?rest_route=%2Fwp%2Fv2%2Fcomments&post=9152"}],"version-history":[{"count":1,"href":"https:\/\/zonaroja.com.mx\/index.php?rest_route=\/wp\/v2\/posts\/9152\/revisions"}],"predecessor-version":[{"id":9154,"href":"https:\/\/zonaroja.com.mx\/index.php?rest_route=\/wp\/v2\/posts\/9152\/revisions\/9154"}],"wp:featuredmedia":[{"embeddable":true,"href":"https:\/\/zonaroja.com.mx\/index.php?rest_route=\/wp\/v2\/media\/9153"}],"wp:attachment":[{"href":"https:\/\/zonaroja.com.mx\/index.php?rest_route=%2Fwp%2Fv2%2Fmedia&parent=9152"}],"wp:term":[{"taxonomy":"category","embeddable":true,"href":"https:\/\/zonaroja.com.mx\/index.php?rest_route=%2Fwp%2Fv2%2Fcategories&post=9152"},{"taxonomy":"post_tag","embeddable":true,"href":"https:\/\/zonaroja.com.mx\/index.php?rest_route=%2Fwp%2Fv2%2Ftags&post=9152"}],"curies":[{"name":"wp","href":"https:\/\/api.w.org\/{rel}","templated":true}]}}