{"id":9160,"date":"2020-02-25T08:50:30","date_gmt":"2020-02-25T14:50:30","guid":{"rendered":"http:\/\/www.zonaroja.com.mx\/?p=9160"},"modified":"2020-02-25T08:50:33","modified_gmt":"2020-02-25T14:50:33","slug":"con-la-rifa-de-una-serenata-buscan-apoyo-para-radio-comunitaria-en-ayutla","status":"publish","type":"post","link":"https:\/\/zonaroja.com.mx\/?p=9160","title":{"rendered":"Con la rifa de una serenata buscan apoyo para radio comunitaria en Ayutla"},"content":{"rendered":"\n<p>Evlin\nArag\u00f3n\/Zona Roja.<\/p>\n\n\n\n<p>Oaxaca de\nJu\u00e1rez, Oax., 25 de febrero de 2020.- Una serenata con la Banda Filarm\u00f3nica\nMunicipal de Ayutla Mixe es el principal premio de la rifa que anuncian a\ntrav\u00e9s de las redes sociales, en beneficio de la radio comunitaria \u201cKonk\u00b4Anaa\u201d\nubicada en la localidad y que necesita para la compra de un retransmisor FM que\nles permita continuar con su labor.<\/p>\n\n\n\n<p>Se trata de\nuna iniciativa lanzada por integrantes de la radio desde el pasado 20 de enero\ny cuyo premio principal no s\u00f3lo incluye la presentaci\u00f3n de las y los m\u00fasicos de\nforma personalizada, sino tambi\u00e9n el caf\u00e9 y los tamales para compartir con\nquien resulte ganador o ganadora de la rifa.<\/p>\n\n\n\n<p>\u201cImag\u00ednate\nganarte un vale para que la incre\u00edble Banda Filarm\u00f3nica Municipal de Ayutla te\nlleve serenata a tu casa cuando lo desees, o llev\u00e1rsela de sorpresa a tu mam\u00e1\nen su cumple, a tu novia, a tu \u2018crush\u2019 o qui\u00e9n t\u00fa quieras en Ayutla! \u00a1Y para\nque no te preocupes, llegamos con caf\u00e9 y cien piezas de tamales para la banda y\ntus invitados con meseros incluidos!\u201d, refiere la publicaci\u00f3n realizada.<\/p>\n\n\n\n<p>La\nparticipaci\u00f3n no s\u00f3lo es para habitantes de la localidad, ya que el premio\ntambi\u00e9n consta de la composici\u00f3n de una pieza musical exclusiva y personalizada\npor la Banda Filarm\u00f3nica Municipal de Ayutla Mixe, en caso de que la persona\nganadora viva en otra parte del estado o pa\u00eds.<\/p>\n\n\n\n<p>\u201c\u00bfNo vives\nen Ayutla? No importa, en ese caso los compositores de la banda van a crear una\npieza especialmente para ti o quien t\u00fa quieras, t\u00fa eliges el nombre que se le\nvaya a poner, la dedicatoria, te enviamos las partituras firmadas y un USB con\nel audio para que escuches tu pieza o la regales a esa persona especial\u201d,\npuntualizan.<\/p>\n\n\n\n<p>Se trata en\nefecto de un regalo inolvidable tal y como lo refieren en cada una de las\npublicaciones que han compartido la iniciativa tales como la p\u00e1gina de Facebook\nde la radiodifusora Radio \u201cKonk\u2019Anaa\u201d, la ling\u00fcista y activista Yasnaya Aguilar\nGil y el Fondo Guadalupe Musalem, que recientemente inicio tambi\u00e9n su campa\u00f1a\nde recolecci\u00f3n de fondos.<\/p>\n\n\n\n<p>Independientemente\nde la serenata, la rifa tiene contemplados arcones con productos de la regi\u00f3n\npara el segundo y tercer lugar, as\u00ed como premios sorpresas que ser\u00e1n anunciados\nen la transmisi\u00f3n del 21 de marzo en la localidad, en punto de las 16:00\nhoras.&nbsp; <\/p>\n\n\n\n<p>Por lo\nanterior, han invitado a la poblaci\u00f3n de San Pedro y San Pablo Ayutla, as\u00ed como\na cualquier otra persona interesada a comprar su boleto que tiene un costo de\n50 pesos y que puede ser adquirido a distancia a trav\u00e9s del perfil de Facebook\nRadio Konk Anna y mediante dep\u00f3sitos bancarios a la cuenta 0801173057 de\nBanorte, a nombre de Jos\u00e9 Benjam\u00edn Cruz Casillas.<\/p>\n\n\n\n<p>En este\nsentido recordaron que el dinero de la rifa ser\u00e1 utilizado para la compra de un\nnuevo transmisor que permita darle continuidad a la labor que realizan al\ninterior de la radiodifusora que se transmite en lengua originaria para toda la\ncomunidad de Ayutla Mixe.<\/p>\n\n\n\n<p>\u201cNo permitas\nque nuestra radio comunitaria deje de sonar. La Banda Filarm\u00f3nica de Ayutla se\nsolidariza con la radio comunitaria y nos pone el ejemplo. \u00bfQui\u00e9n va a querer\nboletos?\u201d, citan en sus redes sociales a fin de motivar a la compra y venta de\nlos boletos.<\/p>\n\n\n\n<p>La radio\n\u201cKonk\u2019Anna\u201d inicio sus transmisiones en junio del 2014 desde la comunidad de\nSan Pedro y San Pablo Ayutla con la intenci\u00f3n de crear un espacio alternativo\nde expresi\u00f3n y formaci\u00f3n involucrando a ni\u00f1as, ni\u00f1os, j\u00f3venes y personas\nadultas de la comunidad haciendo conciencia de sus ra\u00edces.<\/p>\n\n\n\n<p>As\u00ed mismo\ncon la misi\u00f3n de realizar actividades encaminadas a lograr un desarrollo\nintegral humano que abarque salud plena, educaci\u00f3n, recreaci\u00f3n, habilidades\ncreativas y art\u00edsticas, conciencia ecol\u00f3gica y capacidad productiva\nautosustentable.<\/p>\n","protected":false},"excerpt":{"rendered":"<p>Evlin Arag\u00f3n\/Zona Roja. Oaxaca de Ju\u00e1rez, Oax., 25 de febrero de 2020.- Una serenata con&hellip;<\/p>\n","protected":false},"author":2,"featured_media":9161,"comment_status":"closed","ping_status":"open","sticky":false,"template":"","format":"standard","meta":{"_lmt_disableupdate":"","_lmt_disable":"","_jetpack_memberships_contains_paid_content":false,"footnotes":""},"categories":[1],"tags":[],"class_list":["post-9160","post","type-post","status-publish","format-standard","has-post-thumbnail","hentry","category-sin-categoria"],"jetpack_featured_media_url":"https:\/\/zonaroja.com.mx\/wp-content\/uploads\/2020\/02\/Radio-Y\u00e1snaya.jpg","jetpack_sharing_enabled":true,"_links":{"self":[{"href":"https:\/\/zonaroja.com.mx\/index.php?rest_route=\/wp\/v2\/posts\/9160","targetHints":{"allow":["GET"]}}],"collection":[{"href":"https:\/\/zonaroja.com.mx\/index.php?rest_route=\/wp\/v2\/posts"}],"about":[{"href":"https:\/\/zonaroja.com.mx\/index.php?rest_route=\/wp\/v2\/types\/post"}],"author":[{"embeddable":true,"href":"https:\/\/zonaroja.com.mx\/index.php?rest_route=\/wp\/v2\/users\/2"}],"replies":[{"embeddable":true,"href":"https:\/\/zonaroja.com.mx\/index.php?rest_route=%2Fwp%2Fv2%2Fcomments&post=9160"}],"version-history":[{"count":1,"href":"https:\/\/zonaroja.com.mx\/index.php?rest_route=\/wp\/v2\/posts\/9160\/revisions"}],"predecessor-version":[{"id":9162,"href":"https:\/\/zonaroja.com.mx\/index.php?rest_route=\/wp\/v2\/posts\/9160\/revisions\/9162"}],"wp:featuredmedia":[{"embeddable":true,"href":"https:\/\/zonaroja.com.mx\/index.php?rest_route=\/wp\/v2\/media\/9161"}],"wp:attachment":[{"href":"https:\/\/zonaroja.com.mx\/index.php?rest_route=%2Fwp%2Fv2%2Fmedia&parent=9160"}],"wp:term":[{"taxonomy":"category","embeddable":true,"href":"https:\/\/zonaroja.com.mx\/index.php?rest_route=%2Fwp%2Fv2%2Fcategories&post=9160"},{"taxonomy":"post_tag","embeddable":true,"href":"https:\/\/zonaroja.com.mx\/index.php?rest_route=%2Fwp%2Fv2%2Ftags&post=9160"}],"curies":[{"name":"wp","href":"https:\/\/api.w.org\/{rel}","templated":true}]}}